{"id":40291,"date":"2025-12-29T11:56:25","date_gmt":"2025-12-29T16:56:25","guid":{"rendered":"https:\/\/www.boyacaleinforma.com\/?p=40291"},"modified":"2025-12-29T11:56:30","modified_gmt":"2025-12-29T16:56:30","slug":"escuela-de-iza-participo-en-el-xvii-retorno-pescano-y-xxxviii-festival-de-la-feijoa","status":"publish","type":"post","link":"https:\/\/www.boyacaleinforma.com\/?p=40291","title":{"rendered":"Escuela de Iza particip\u00f3 en el XVII Retorno Pescano y XXXVIII Festival de la Feijoa"},"content":{"rendered":"\n<p>La Escuela de Formaci\u00f3n Art\u00edstica y Cultural \u00abPedro Alonso Boyac\u00e1 Fonseca\u00bb, en su \u00e1rea de danza, realiz\u00f3 destacadas presentaciones en el marco del XVII Festival del Retorno Pescano \u00abCultura y Tradici\u00f3n\u00bb y del XXXVIII Festival de la Cultura de la Feijoa.<\/p>\n\n\n\n<p>Estas puestas en escena no solo permitieron visibilizar los procesos de formaci\u00f3n art\u00edstica que se vienen adelantando en el municipio, sino que tambi\u00e9n brindaron a los estudiantes un valioso espacio de proyecci\u00f3n y motivaci\u00f3n. La participaci\u00f3n en estos eventos culturales fortalece el compromiso de los integrantes de la escuela con su desarrollo art\u00edstico, fomenta el sentido de pertenencia y promueve la preservaci\u00f3n de las manifestaciones culturales tradicionales de Boyac\u00e1 y Colombia.<\/p>\n","protected":false},"excerpt":{"rendered":"<p>La Escuela de Formaci\u00f3n Art\u00edstica y Cultural \u00abPedro Alonso Boyac\u00e1 Fonseca\u00bb, en su \u00e1rea de danza, realiz\u00f3 destacadas<\/p>\n","protected":false},"author":1,"featured_media":40283,"comment_status":"open","ping_status":"open","sticky":false,"template":"","format":"standard","meta":{"om_disable_all_campaigns":false,"_monsterinsights_skip_tracking":false,"_monsterinsights_sitenote_active":false,"_monsterinsights_sitenote_note":"","_monsterinsights_sitenote_category":0,"footnotes":""},"categories":[1],"tags":[],"class_list":["post-40291","post","type-post","status-publish","format-standard","has-post-thumbnail","hentry","category-uncategorized"],"aioseo_notices":[],"_links":{"self":[{"href":"https:\/\/www.boyacaleinforma.com\/index.php?rest_route=\/wp\/v2\/posts\/40291","targetHints":{"allow":["GET"]}}],"collection":[{"href":"https:\/\/www.boyacaleinforma.com\/index.php?rest_route=\/wp\/v2\/posts"}],"about":[{"href":"https:\/\/www.boyacaleinforma.com\/index.php?rest_route=\/wp\/v2\/types\/post"}],"author":[{"embeddable":true,"href":"https:\/\/www.boyacaleinforma.com\/index.php?rest_route=\/wp\/v2\/users\/1"}],"replies":[{"embeddable":true,"href":"https:\/\/www.boyacaleinforma.com\/index.php?rest_route=%2Fwp%2Fv2%2Fcomments&post=40291"}],"version-history":[{"count":0,"href":"https:\/\/www.boyacaleinforma.com\/index.php?rest_route=\/wp\/v2\/posts\/40291\/revisions"}],"wp:featuredmedia":[{"embeddable":true,"href":"https:\/\/www.boyacaleinforma.com\/index.php?rest_route=\/wp\/v2\/media\/40283"}],"wp:attachment":[{"href":"https:\/\/www.boyacaleinforma.com\/index.php?rest_route=%2Fwp%2Fv2%2Fmedia&parent=40291"}],"wp:term":[{"taxonomy":"category","embeddable":true,"href":"https:\/\/www.boyacaleinforma.com\/index.php?rest_route=%2Fwp%2Fv2%2Fcategories&post=40291"},{"taxonomy":"post_tag","embeddable":true,"href":"https:\/\/www.boyacaleinforma.com\/index.php?rest_route=%2Fwp%2Fv2%2Ftags&post=40291"}],"curies":[{"name":"wp","href":"https:\/\/api.w.org\/{rel}","templated":true}]}}