{"id":40404,"date":"2025-12-31T08:36:17","date_gmt":"2025-12-31T13:36:17","guid":{"rendered":"https:\/\/www.boyacaleinforma.com\/?p=40404"},"modified":"2025-12-31T08:46:20","modified_gmt":"2025-12-31T13:46:20","slug":"pae-con-sello-comunitario-gobierno-destinara-2-billones-y-buscara-contratar-con-jac","status":"publish","type":"post","link":"https:\/\/www.boyacaleinforma.com\/?p=40404","title":{"rendered":"PAE con sello comunitario: Gobierno destinar\u00e1 $2 billones y buscar\u00e1 contratar con JAC"},"content":{"rendered":"\n<p>El Ministerio de Educaci\u00f3n anunci\u00f3 que el Plan de Alimentaci\u00f3n Escolar (PAE) contar\u00e1 este a\u00f1o con un presupuesto de 2 billones de pesos y que parte de su contrataci\u00f3n se realizar\u00e1 con Juntas de Acci\u00f3n Comunal (JAC) y asociaciones de padres de familia.<br><br>El anuncio lo hizo El Ministerio durante el Encuentro Nacional de Secretarios de Educaci\u00f3n realizado en Villa de Leyva, donde destac\u00f3 que el presupuesto del programa aument\u00f3 m\u00e1s del 24 % y permitir\u00e1 avanzar hacia la universalidad, adem\u00e1s de fortalecer la preparaci\u00f3n de alimentos calientes en las instituciones educativas.<br><br>La cartera educativa se\u00f1al\u00f3 que esta estrategia busca mayor articulaci\u00f3n con los territorios y superar los rezagos en aprendizaje que dej\u00f3 la pandemia. Asimismo, enfatiz\u00f3 en la recuperaci\u00f3n de habilidades en lectura, escritura y oralidad, mejores condiciones laborales para docentes y una infraestructura educativa digna como pilares de una educaci\u00f3n de calidad en el pa\u00eds.<\/p>\n","protected":false},"excerpt":{"rendered":"<p>El Ministerio de Educaci\u00f3n anunci\u00f3 que el Plan de Alimentaci\u00f3n Escolar (PAE) contar\u00e1 este a\u00f1o con un presupuesto<\/p>\n","protected":false},"author":1,"featured_media":40397,"comment_status":"open","ping_status":"open","sticky":false,"template":"","format":"standard","meta":{"om_disable_all_campaigns":false,"_monsterinsights_skip_tracking":false,"_monsterinsights_sitenote_active":false,"_monsterinsights_sitenote_note":"","_monsterinsights_sitenote_category":0,"footnotes":""},"categories":[9],"tags":[10],"class_list":["post-40404","post","type-post","status-publish","format-standard","has-post-thumbnail","hentry","category-colombia","tag-noticias"],"aioseo_notices":[],"_links":{"self":[{"href":"https:\/\/www.boyacaleinforma.com\/index.php?rest_route=\/wp\/v2\/posts\/40404","targetHints":{"allow":["GET"]}}],"collection":[{"href":"https:\/\/www.boyacaleinforma.com\/index.php?rest_route=\/wp\/v2\/posts"}],"about":[{"href":"https:\/\/www.boyacaleinforma.com\/index.php?rest_route=\/wp\/v2\/types\/post"}],"author":[{"embeddable":true,"href":"https:\/\/www.boyacaleinforma.com\/index.php?rest_route=\/wp\/v2\/users\/1"}],"replies":[{"embeddable":true,"href":"https:\/\/www.boyacaleinforma.com\/index.php?rest_route=%2Fwp%2Fv2%2Fcomments&post=40404"}],"version-history":[{"count":0,"href":"https:\/\/www.boyacaleinforma.com\/index.php?rest_route=\/wp\/v2\/posts\/40404\/revisions"}],"wp:featuredmedia":[{"embeddable":true,"href":"https:\/\/www.boyacaleinforma.com\/index.php?rest_route=\/wp\/v2\/media\/40397"}],"wp:attachment":[{"href":"https:\/\/www.boyacaleinforma.com\/index.php?rest_route=%2Fwp%2Fv2%2Fmedia&parent=40404"}],"wp:term":[{"taxonomy":"category","embeddable":true,"href":"https:\/\/www.boyacaleinforma.com\/index.php?rest_route=%2Fwp%2Fv2%2Fcategories&post=40404"},{"taxonomy":"post_tag","embeddable":true,"href":"https:\/\/www.boyacaleinforma.com\/index.php?rest_route=%2Fwp%2Fv2%2Ftags&post=40404"}],"curies":[{"name":"wp","href":"https:\/\/api.w.org\/{rel}","templated":true}]}}