{"id":40410,"date":"2025-12-31T08:39:49","date_gmt":"2025-12-31T13:39:49","guid":{"rendered":"https:\/\/www.boyacaleinforma.com\/?p=40410"},"modified":"2025-12-31T08:39:55","modified_gmt":"2025-12-31T13:39:55","slug":"fortaleciendo-acueductos-rurales-en-la-uvita","status":"publish","type":"post","link":"https:\/\/www.boyacaleinforma.com\/?p=40410","title":{"rendered":"Fortaleciendo acueductos rurales en La Uvita"},"content":{"rendered":"\n<p>Desde la Alcald\u00eda Municipal de La Uvita, bajo el liderazgo de Luis Guillermo Berrio Hern\u00e1ndez, y en articulaci\u00f3n con la Secretar\u00eda de Ambiente de la Gobernaci\u00f3n de Boyac\u00e1, se llev\u00f3 a cabo una asesor\u00eda t\u00e9cnica y jur\u00eddica especializada dirigida a los presidentes y representantes de las Juntas Administradoras de Acueductos Rurales del municipio.<\/p>\n\n\n\n<p>Esta valiosa jornada tuvo como prop\u00f3sito fortalecer la gesti\u00f3n comunitaria del recurso h\u00eddrico, promover el cumplimiento normativo y garantizar un acceso m\u00e1s seguro, justo y sostenible al agua potable en las veredas.<\/p>\n","protected":false},"excerpt":{"rendered":"<p>Desde la Alcald\u00eda Municipal de La Uvita, bajo el liderazgo de Luis Guillermo Berrio Hern\u00e1ndez, y en articulaci\u00f3n<\/p>\n","protected":false},"author":1,"featured_media":40414,"comment_status":"open","ping_status":"open","sticky":false,"template":"","format":"standard","meta":{"om_disable_all_campaigns":false,"_monsterinsights_skip_tracking":false,"_monsterinsights_sitenote_active":false,"_monsterinsights_sitenote_note":"","_monsterinsights_sitenote_category":0,"footnotes":""},"categories":[1],"tags":[],"class_list":["post-40410","post","type-post","status-publish","format-standard","has-post-thumbnail","hentry","category-uncategorized"],"aioseo_notices":[],"_links":{"self":[{"href":"https:\/\/www.boyacaleinforma.com\/index.php?rest_route=\/wp\/v2\/posts\/40410","targetHints":{"allow":["GET"]}}],"collection":[{"href":"https:\/\/www.boyacaleinforma.com\/index.php?rest_route=\/wp\/v2\/posts"}],"about":[{"href":"https:\/\/www.boyacaleinforma.com\/index.php?rest_route=\/wp\/v2\/types\/post"}],"author":[{"embeddable":true,"href":"https:\/\/www.boyacaleinforma.com\/index.php?rest_route=\/wp\/v2\/users\/1"}],"replies":[{"embeddable":true,"href":"https:\/\/www.boyacaleinforma.com\/index.php?rest_route=%2Fwp%2Fv2%2Fcomments&post=40410"}],"version-history":[{"count":0,"href":"https:\/\/www.boyacaleinforma.com\/index.php?rest_route=\/wp\/v2\/posts\/40410\/revisions"}],"wp:featuredmedia":[{"embeddable":true,"href":"https:\/\/www.boyacaleinforma.com\/index.php?rest_route=\/wp\/v2\/media\/40414"}],"wp:attachment":[{"href":"https:\/\/www.boyacaleinforma.com\/index.php?rest_route=%2Fwp%2Fv2%2Fmedia&parent=40410"}],"wp:term":[{"taxonomy":"category","embeddable":true,"href":"https:\/\/www.boyacaleinforma.com\/index.php?rest_route=%2Fwp%2Fv2%2Fcategories&post=40410"},{"taxonomy":"post_tag","embeddable":true,"href":"https:\/\/www.boyacaleinforma.com\/index.php?rest_route=%2Fwp%2Fv2%2Ftags&post=40410"}],"curies":[{"name":"wp","href":"https:\/\/api.w.org\/{rel}","templated":true}]}}