{"id":40510,"date":"2026-01-02T14:22:18","date_gmt":"2026-01-02T19:22:18","guid":{"rendered":"https:\/\/www.boyacaleinforma.com\/?p=40510"},"modified":"2026-01-02T14:22:24","modified_gmt":"2026-01-02T19:22:24","slug":"foro-gestion-de-residuos-un-debate-urgente-para-colombia-con-participacion-de-villa-de-leyva","status":"publish","type":"post","link":"https:\/\/www.boyacaleinforma.com\/?p=40510","title":{"rendered":"Foro \u00abGesti\u00f3n de residuos: Un debate urgente para Colombia\u00bb con participaci\u00f3n de Villa de Leyva"},"content":{"rendered":"\n<p>El Alcalde V\u00edctor Gamboa fue invitado especial por la Revista Semana como panelista en el Foro \u00abGesti\u00f3n de residuos: Un debate urgente para Colombia\u00bb.<\/p>\n\n\n\n<p>Gracias a la gran apuesta de la Ruta Selectiva para la recolecci\u00f3n de residuos org\u00e1nicos en el municipio y diferentes estrategias que permitan trabajar en una infraestructura adecuada para la gesti\u00f3n de residuos.<\/p>\n\n\n\n<p>Junto a diferentes expertos debatieron c\u00f3mo desde la institucionalidad trabajan en la creaci\u00f3n de infraestructuras, educaci\u00f3n y cultura ciudadana para el manejo integral y aprovechamiento de los residuos en Villa de Leyva.<\/p>\n","protected":false},"excerpt":{"rendered":"<p>El Alcalde V\u00edctor Gamboa fue invitado especial por la Revista Semana como panelista en el Foro \u00abGesti\u00f3n de<\/p>\n","protected":false},"author":1,"featured_media":40500,"comment_status":"open","ping_status":"open","sticky":false,"template":"","format":"standard","meta":{"om_disable_all_campaigns":false,"_monsterinsights_skip_tracking":false,"_monsterinsights_sitenote_active":false,"_monsterinsights_sitenote_note":"","_monsterinsights_sitenote_category":0,"footnotes":""},"categories":[1],"tags":[],"class_list":["post-40510","post","type-post","status-publish","format-standard","has-post-thumbnail","hentry","category-uncategorized"],"aioseo_notices":[],"_links":{"self":[{"href":"https:\/\/www.boyacaleinforma.com\/index.php?rest_route=\/wp\/v2\/posts\/40510","targetHints":{"allow":["GET"]}}],"collection":[{"href":"https:\/\/www.boyacaleinforma.com\/index.php?rest_route=\/wp\/v2\/posts"}],"about":[{"href":"https:\/\/www.boyacaleinforma.com\/index.php?rest_route=\/wp\/v2\/types\/post"}],"author":[{"embeddable":true,"href":"https:\/\/www.boyacaleinforma.com\/index.php?rest_route=\/wp\/v2\/users\/1"}],"replies":[{"embeddable":true,"href":"https:\/\/www.boyacaleinforma.com\/index.php?rest_route=%2Fwp%2Fv2%2Fcomments&post=40510"}],"version-history":[{"count":0,"href":"https:\/\/www.boyacaleinforma.com\/index.php?rest_route=\/wp\/v2\/posts\/40510\/revisions"}],"wp:featuredmedia":[{"embeddable":true,"href":"https:\/\/www.boyacaleinforma.com\/index.php?rest_route=\/wp\/v2\/media\/40500"}],"wp:attachment":[{"href":"https:\/\/www.boyacaleinforma.com\/index.php?rest_route=%2Fwp%2Fv2%2Fmedia&parent=40510"}],"wp:term":[{"taxonomy":"category","embeddable":true,"href":"https:\/\/www.boyacaleinforma.com\/index.php?rest_route=%2Fwp%2Fv2%2Fcategories&post=40510"},{"taxonomy":"post_tag","embeddable":true,"href":"https:\/\/www.boyacaleinforma.com\/index.php?rest_route=%2Fwp%2Fv2%2Ftags&post=40510"}],"curies":[{"name":"wp","href":"https:\/\/api.w.org\/{rel}","templated":true}]}}