{"id":40523,"date":"2026-01-02T14:29:20","date_gmt":"2026-01-02T19:29:20","guid":{"rendered":"https:\/\/www.boyacaleinforma.com\/?p=40523"},"modified":"2026-01-02T14:33:09","modified_gmt":"2026-01-02T19:33:09","slug":"salud-mental-en-alerta-asamblea-de-boyaca-pide-accion-urgente-y-menos-estigmas","status":"publish","type":"post","link":"https:\/\/www.boyacaleinforma.com\/?p=40523","title":{"rendered":"Salud mental en alerta: Asamblea de Boyac\u00e1 pide acci\u00f3n urgente y menos estigmas"},"content":{"rendered":"\n<p>El a\u00f1o pasado la Asamblea de Boyac\u00e1 encendi\u00f3 las alarmas por la cr\u00edtica situaci\u00f3n de la salud mental en el departamento durante una audiencia p\u00fablica que reuni\u00f3 a m\u00e9dicos, psiquiatras y autoridades del sector salud. El encuentro evidenci\u00f3 las barreras que siguen impidiendo un acceso oportuno a la atenci\u00f3n especializada.<br><br>Expertos coincidieron en que el estigma social, las falencias del sistema de salud y el desconocimiento de los s\u00edntomas son factores clave que retrasan la b\u00fasqueda de ayuda. Tambi\u00e9n subrayaron la necesidad de fortalecer la empat\u00eda, la escucha activa y la detecci\u00f3n temprana del malestar emocional.<br><br>Desde la Asamblea se hizo un llamado a la comunidad para apoyar a quienes atraviesan dificultades emocionales y a buscar ayuda profesional a tiempo, con el objetivo de prevenir que los problemas de salud mental se agraven en la regi\u00f3n.<\/p>\n","protected":false},"excerpt":{"rendered":"<p>El a\u00f1o pasado la Asamblea de Boyac\u00e1 encendi\u00f3 las alarmas por la cr\u00edtica situaci\u00f3n de la salud mental<\/p>\n","protected":false},"author":1,"featured_media":40514,"comment_status":"open","ping_status":"open","sticky":false,"template":"","format":"standard","meta":{"om_disable_all_campaigns":false,"_monsterinsights_skip_tracking":false,"_monsterinsights_sitenote_active":false,"_monsterinsights_sitenote_note":"","_monsterinsights_sitenote_category":0,"footnotes":""},"categories":[5],"tags":[10],"class_list":["post-40523","post","type-post","status-publish","format-standard","has-post-thumbnail","hentry","category-boyaca","tag-noticias"],"aioseo_notices":[],"_links":{"self":[{"href":"https:\/\/www.boyacaleinforma.com\/index.php?rest_route=\/wp\/v2\/posts\/40523","targetHints":{"allow":["GET"]}}],"collection":[{"href":"https:\/\/www.boyacaleinforma.com\/index.php?rest_route=\/wp\/v2\/posts"}],"about":[{"href":"https:\/\/www.boyacaleinforma.com\/index.php?rest_route=\/wp\/v2\/types\/post"}],"author":[{"embeddable":true,"href":"https:\/\/www.boyacaleinforma.com\/index.php?rest_route=\/wp\/v2\/users\/1"}],"replies":[{"embeddable":true,"href":"https:\/\/www.boyacaleinforma.com\/index.php?rest_route=%2Fwp%2Fv2%2Fcomments&post=40523"}],"version-history":[{"count":0,"href":"https:\/\/www.boyacaleinforma.com\/index.php?rest_route=\/wp\/v2\/posts\/40523\/revisions"}],"wp:featuredmedia":[{"embeddable":true,"href":"https:\/\/www.boyacaleinforma.com\/index.php?rest_route=\/wp\/v2\/media\/40514"}],"wp:attachment":[{"href":"https:\/\/www.boyacaleinforma.com\/index.php?rest_route=%2Fwp%2Fv2%2Fmedia&parent=40523"}],"wp:term":[{"taxonomy":"category","embeddable":true,"href":"https:\/\/www.boyacaleinforma.com\/index.php?rest_route=%2Fwp%2Fv2%2Fcategories&post=40523"},{"taxonomy":"post_tag","embeddable":true,"href":"https:\/\/www.boyacaleinforma.com\/index.php?rest_route=%2Fwp%2Fv2%2Ftags&post=40523"}],"curies":[{"name":"wp","href":"https:\/\/api.w.org\/{rel}","templated":true}]}}