{"id":40525,"date":"2026-01-02T14:31:55","date_gmt":"2026-01-02T19:31:55","guid":{"rendered":"https:\/\/www.boyacaleinforma.com\/?p=40525"},"modified":"2026-01-02T14:32:54","modified_gmt":"2026-01-02T19:32:54","slug":"luz-verde-para-via-clave-entre-boyaca-y-casanare","status":"publish","type":"post","link":"https:\/\/www.boyacaleinforma.com\/?p=40525","title":{"rendered":"Luz verde para v\u00eda clave entre Boyac\u00e1 y Casanare"},"content":{"rendered":"\n<p>El trabajo articulado entre los gobernadores de Boyac\u00e1 y Casanare ya muestra resultados. Las autoridades confirmaron la obtenci\u00f3n de los permisos ambientales para continuar el mejoramiento de la v\u00eda Yopal\u2013Labranzagrande\u2013Vadohondo, un corredor estrat\u00e9gico para ambos departamentos.<br><br>Carlos Amaya y C\u00e9sar Ortiz celebraron la decisi\u00f3n de Corporinoquia, destacando que la licencia permitir\u00e1 avanzar en una obra fundamental para la integraci\u00f3n regional y el desarrollo econ\u00f3mico, especialmente para las comunidades campesinas.<br><br>La noticia fue recibida con optimismo por los habitantes de la zona, ya que esta carretera no solo mejorar\u00e1 la conectividad entre municipios, sino que se consolida como una alternativa clave a la v\u00eda del Cusiana.<\/p>\n","protected":false},"excerpt":{"rendered":"<p>El trabajo articulado entre los gobernadores de Boyac\u00e1 y Casanare ya muestra resultados. Las autoridades confirmaron la obtenci\u00f3n<\/p>\n","protected":false},"author":1,"featured_media":40516,"comment_status":"open","ping_status":"open","sticky":false,"template":"","format":"standard","meta":{"om_disable_all_campaigns":false,"_monsterinsights_skip_tracking":false,"_monsterinsights_sitenote_active":false,"_monsterinsights_sitenote_note":"","_monsterinsights_sitenote_category":0,"footnotes":""},"categories":[5],"tags":[10],"class_list":["post-40525","post","type-post","status-publish","format-standard","has-post-thumbnail","hentry","category-boyaca","tag-noticias"],"aioseo_notices":[],"_links":{"self":[{"href":"https:\/\/www.boyacaleinforma.com\/index.php?rest_route=\/wp\/v2\/posts\/40525","targetHints":{"allow":["GET"]}}],"collection":[{"href":"https:\/\/www.boyacaleinforma.com\/index.php?rest_route=\/wp\/v2\/posts"}],"about":[{"href":"https:\/\/www.boyacaleinforma.com\/index.php?rest_route=\/wp\/v2\/types\/post"}],"author":[{"embeddable":true,"href":"https:\/\/www.boyacaleinforma.com\/index.php?rest_route=\/wp\/v2\/users\/1"}],"replies":[{"embeddable":true,"href":"https:\/\/www.boyacaleinforma.com\/index.php?rest_route=%2Fwp%2Fv2%2Fcomments&post=40525"}],"version-history":[{"count":0,"href":"https:\/\/www.boyacaleinforma.com\/index.php?rest_route=\/wp\/v2\/posts\/40525\/revisions"}],"wp:featuredmedia":[{"embeddable":true,"href":"https:\/\/www.boyacaleinforma.com\/index.php?rest_route=\/wp\/v2\/media\/40516"}],"wp:attachment":[{"href":"https:\/\/www.boyacaleinforma.com\/index.php?rest_route=%2Fwp%2Fv2%2Fmedia&parent=40525"}],"wp:term":[{"taxonomy":"category","embeddable":true,"href":"https:\/\/www.boyacaleinforma.com\/index.php?rest_route=%2Fwp%2Fv2%2Fcategories&post=40525"},{"taxonomy":"post_tag","embeddable":true,"href":"https:\/\/www.boyacaleinforma.com\/index.php?rest_route=%2Fwp%2Fv2%2Ftags&post=40525"}],"curies":[{"name":"wp","href":"https:\/\/api.w.org\/{rel}","templated":true}]}}