{"id":41384,"date":"2026-01-18T18:38:55","date_gmt":"2026-01-18T23:38:55","guid":{"rendered":"https:\/\/www.boyacaleinforma.com\/?p=41384"},"modified":"2026-01-18T18:52:05","modified_gmt":"2026-01-18T23:52:05","slug":"boyaca-debera-intervenir-via-clave-del-valle-de-tenza-tras-fallo-judicial","status":"publish","type":"post","link":"https:\/\/www.boyacaleinforma.com\/?p=41384","title":{"rendered":"Boyac\u00e1 deber\u00e1 intervenir v\u00eda clave del Valle de Tenza tras fallo judicial"},"content":{"rendered":"\n<p>Un fallo judicial declar\u00f3 responsable por omisi\u00f3n al Departamento de Boyac\u00e1 por el deterioro de la v\u00eda departamental 6101, en el tramo que conecta a Sutatenza con Tenza, corredor estrat\u00e9gico del circuito tur\u00edstico del Valle de Tenza. La decisi\u00f3n se\u00f1ala que la falta de mantenimiento e intervenci\u00f3n vulner\u00f3 varios derechos colectivos de las comunidades.<br><br>La acci\u00f3n popular se origin\u00f3 tras denuncias sobre el mal estado de la carretera y la ausencia de respuesta institucional a una solicitud hecha en septiembre de 2023 para su adecuaci\u00f3n y se\u00f1alizaci\u00f3n. En primera instancia, el Juzgado Trece Administrativo de Tunja concluy\u00f3 que el abandono de la v\u00eda afect\u00f3 la seguridad vial, el espacio p\u00fablico, el ambiente sano y la prevenci\u00f3n de riesgos.<br><br>El caso lleg\u00f3 al Tribunal Administrativo de Boyac\u00e1, que modific\u00f3 los plazos iniciales al considerar insuficientes los tiempos fijados para atender la magnitud de los da\u00f1os. La corporaci\u00f3n orden\u00f3 al Departamento realizar estudios t\u00e9cnicos, adelantar procesos contractuales, ejecutar obras de rehabilitaci\u00f3n y garantizar mantenimiento preventivo y se\u00f1alizaci\u00f3n inmediata en los puntos de mayor riesgo.<br><br>Con el nuevo cronograma, Boyac\u00e1 tendr\u00e1 hasta diez meses para completar las obras, adem\u00e1s de la obligaci\u00f3n de rendir informes peri\u00f3dicos a la justicia. El fallo busca restablecer la transitabilidad y seguridad de una v\u00eda clave para la movilidad y el desarrollo tur\u00edstico de la regi\u00f3n.<\/p>\n","protected":false},"excerpt":{"rendered":"<p>Un fallo judicial declar\u00f3 responsable por omisi\u00f3n al Departamento de Boyac\u00e1 por el deterioro de la v\u00eda departamental<\/p>\n","protected":false},"author":1,"featured_media":41386,"comment_status":"open","ping_status":"open","sticky":false,"template":"","format":"standard","meta":{"om_disable_all_campaigns":false,"_monsterinsights_skip_tracking":false,"_monsterinsights_sitenote_active":false,"_monsterinsights_sitenote_note":"","_monsterinsights_sitenote_category":0,"footnotes":""},"categories":[8],"tags":[10],"class_list":["post-41384","post","type-post","status-publish","format-standard","has-post-thumbnail","hentry","category-judicial","tag-noticias"],"aioseo_notices":[],"_links":{"self":[{"href":"https:\/\/www.boyacaleinforma.com\/index.php?rest_route=\/wp\/v2\/posts\/41384","targetHints":{"allow":["GET"]}}],"collection":[{"href":"https:\/\/www.boyacaleinforma.com\/index.php?rest_route=\/wp\/v2\/posts"}],"about":[{"href":"https:\/\/www.boyacaleinforma.com\/index.php?rest_route=\/wp\/v2\/types\/post"}],"author":[{"embeddable":true,"href":"https:\/\/www.boyacaleinforma.com\/index.php?rest_route=\/wp\/v2\/users\/1"}],"replies":[{"embeddable":true,"href":"https:\/\/www.boyacaleinforma.com\/index.php?rest_route=%2Fwp%2Fv2%2Fcomments&post=41384"}],"version-history":[{"count":0,"href":"https:\/\/www.boyacaleinforma.com\/index.php?rest_route=\/wp\/v2\/posts\/41384\/revisions"}],"wp:featuredmedia":[{"embeddable":true,"href":"https:\/\/www.boyacaleinforma.com\/index.php?rest_route=\/wp\/v2\/media\/41386"}],"wp:attachment":[{"href":"https:\/\/www.boyacaleinforma.com\/index.php?rest_route=%2Fwp%2Fv2%2Fmedia&parent=41384"}],"wp:term":[{"taxonomy":"category","embeddable":true,"href":"https:\/\/www.boyacaleinforma.com\/index.php?rest_route=%2Fwp%2Fv2%2Fcategories&post=41384"},{"taxonomy":"post_tag","embeddable":true,"href":"https:\/\/www.boyacaleinforma.com\/index.php?rest_route=%2Fwp%2Fv2%2Ftags&post=41384"}],"curies":[{"name":"wp","href":"https:\/\/api.w.org\/{rel}","templated":true}]}}