{"id":41409,"date":"2026-01-18T18:47:16","date_gmt":"2026-01-18T23:47:16","guid":{"rendered":"https:\/\/www.boyacaleinforma.com\/?p=41409"},"modified":"2026-01-18T18:47:21","modified_gmt":"2026-01-18T23:47:21","slug":"se-vivio-el-consejo-provincial-de-turismo-en-macanal","status":"publish","type":"post","link":"https:\/\/www.boyacaleinforma.com\/?p=41409","title":{"rendered":"Se vivi\u00f3 el Consejo Provincial de Turismo en Macanal"},"content":{"rendered":"\n<p>Recibieron con orgullo la visita del Viceministerio de Turismo, Fontur y la Secretar\u00eda de Turismo de Boyac\u00e1, en un espacio de di\u00e1logo, proyecci\u00f3n y compromiso por el desarrollo tur\u00edstico de la regi\u00f3n.<\/p>\n\n\n\n<p>Desde la Administraci\u00f3n Municipal siguen impulsando acciones y alianzas para consolidar a Macanal como un destino tur\u00edstico sostenible, atractivo y lleno de experiencias inolvidables para propios y visitantes.<\/p>\n","protected":false},"excerpt":{"rendered":"<p>Recibieron con orgullo la visita del Viceministerio de Turismo, Fontur y la Secretar\u00eda de Turismo de Boyac\u00e1, en<\/p>\n","protected":false},"author":1,"featured_media":41400,"comment_status":"open","ping_status":"open","sticky":false,"template":"","format":"standard","meta":{"om_disable_all_campaigns":false,"_monsterinsights_skip_tracking":false,"_monsterinsights_sitenote_active":false,"_monsterinsights_sitenote_note":"","_monsterinsights_sitenote_category":0,"footnotes":""},"categories":[1],"tags":[],"class_list":["post-41409","post","type-post","status-publish","format-standard","has-post-thumbnail","hentry","category-uncategorized"],"aioseo_notices":[],"_links":{"self":[{"href":"https:\/\/www.boyacaleinforma.com\/index.php?rest_route=\/wp\/v2\/posts\/41409","targetHints":{"allow":["GET"]}}],"collection":[{"href":"https:\/\/www.boyacaleinforma.com\/index.php?rest_route=\/wp\/v2\/posts"}],"about":[{"href":"https:\/\/www.boyacaleinforma.com\/index.php?rest_route=\/wp\/v2\/types\/post"}],"author":[{"embeddable":true,"href":"https:\/\/www.boyacaleinforma.com\/index.php?rest_route=\/wp\/v2\/users\/1"}],"replies":[{"embeddable":true,"href":"https:\/\/www.boyacaleinforma.com\/index.php?rest_route=%2Fwp%2Fv2%2Fcomments&post=41409"}],"version-history":[{"count":0,"href":"https:\/\/www.boyacaleinforma.com\/index.php?rest_route=\/wp\/v2\/posts\/41409\/revisions"}],"wp:featuredmedia":[{"embeddable":true,"href":"https:\/\/www.boyacaleinforma.com\/index.php?rest_route=\/wp\/v2\/media\/41400"}],"wp:attachment":[{"href":"https:\/\/www.boyacaleinforma.com\/index.php?rest_route=%2Fwp%2Fv2%2Fmedia&parent=41409"}],"wp:term":[{"taxonomy":"category","embeddable":true,"href":"https:\/\/www.boyacaleinforma.com\/index.php?rest_route=%2Fwp%2Fv2%2Fcategories&post=41409"},{"taxonomy":"post_tag","embeddable":true,"href":"https:\/\/www.boyacaleinforma.com\/index.php?rest_route=%2Fwp%2Fv2%2Ftags&post=41409"}],"curies":[{"name":"wp","href":"https:\/\/api.w.org\/{rel}","templated":true}]}}