{"id":41468,"date":"2026-01-19T22:13:31","date_gmt":"2026-01-20T03:13:31","guid":{"rendered":"https:\/\/www.boyacaleinforma.com\/?p=41468"},"modified":"2026-01-19T22:20:24","modified_gmt":"2026-01-20T03:20:24","slug":"tribunal-exige-accesibilidad-real-para-personas-sordas-y-sordociegas-en-entidades-publicas","status":"publish","type":"post","link":"https:\/\/www.boyacaleinforma.com\/?p=41468","title":{"rendered":"Tribunal exige accesibilidad real para personas sordas y sordociegas en entidades p\u00fablicas"},"content":{"rendered":"\n<p>El Tribunal Administrativo de Boyac\u00e1 ratific\u00f3 que todas las entidades p\u00fablicas con atenci\u00f3n al ciudadano deben garantizar condiciones de accesibilidad para personas sordas, sordociegas e hipoac\u00fasicas, incluso si no existen quejas previas o registros de usuarios con estas discapacidades. Al confirmar un fallo contra el municipio de Nuevo Col\u00f3n, la corporaci\u00f3n orden\u00f3 contar con un gu\u00eda int\u00e9rprete id\u00f3neo, o un sistema equivalente, e instalar se\u00f1alizaci\u00f3n visual, alarmas luminosas y avisos en braille. La decisi\u00f3n subraya que la falta de int\u00e9rpretes y de se\u00f1alizaci\u00f3n accesible vulnera el derecho colectivo de acceso eficiente a los servicios p\u00fablicos y tambi\u00e9n compromete la seguridad y la prevenci\u00f3n de riesgos.<br><br>El alto tribunal desestim\u00f3 los argumentos del municipio, que aleg\u00f3 no tener poblaci\u00f3n sordociega y contar con una plataforma tecnol\u00f3gica para personas con hipoacusia. Para la Sala, la ley no establece una protecci\u00f3n condicionada ni progresiva, sino un amparo integral y simult\u00e1neo para todas las personas con discapacidad auditiva y visual. En ese sentido, precis\u00f3 que las herramientas digitales no reemplazan la obligaci\u00f3n legal de disponer de un gu\u00eda int\u00e9rprete, figura clave para la comunicaci\u00f3n, la orientaci\u00f3n y la movilidad de las personas sordociegas.<br><br>Asimismo, el fallo recalc\u00f3 que la ausencia de quejas no exonera a las autoridades de cumplir la normativa vigente. Record\u00f3 que, seg\u00fan el Consejo de Estado, el solo hecho de no contar con int\u00e9rpretes ni se\u00f1alizaci\u00f3n adecuada ya configura una vulneraci\u00f3n de los derechos colectivos. Con esta decisi\u00f3n, el Tribunal env\u00eda un mensaje claro a las entidades territoriales: la inclusi\u00f3n y la accesibilidad no son opcionales, sino deberes exigibles que materializan la igualdad y el acceso efectivo a los servicios p\u00fablicos.<\/p>\n","protected":false},"excerpt":{"rendered":"<p>El Tribunal Administrativo de Boyac\u00e1 ratific\u00f3 que todas las entidades p\u00fablicas con atenci\u00f3n al ciudadano deben garantizar condiciones<\/p>\n","protected":false},"author":1,"featured_media":41473,"comment_status":"open","ping_status":"open","sticky":false,"template":"","format":"standard","meta":{"om_disable_all_campaigns":false,"_monsterinsights_skip_tracking":false,"_monsterinsights_sitenote_active":false,"_monsterinsights_sitenote_note":"","_monsterinsights_sitenote_category":0,"footnotes":""},"categories":[8],"tags":[10],"class_list":["post-41468","post","type-post","status-publish","format-standard","has-post-thumbnail","hentry","category-judicial","tag-noticias"],"aioseo_notices":[],"_links":{"self":[{"href":"https:\/\/www.boyacaleinforma.com\/index.php?rest_route=\/wp\/v2\/posts\/41468","targetHints":{"allow":["GET"]}}],"collection":[{"href":"https:\/\/www.boyacaleinforma.com\/index.php?rest_route=\/wp\/v2\/posts"}],"about":[{"href":"https:\/\/www.boyacaleinforma.com\/index.php?rest_route=\/wp\/v2\/types\/post"}],"author":[{"embeddable":true,"href":"https:\/\/www.boyacaleinforma.com\/index.php?rest_route=\/wp\/v2\/users\/1"}],"replies":[{"embeddable":true,"href":"https:\/\/www.boyacaleinforma.com\/index.php?rest_route=%2Fwp%2Fv2%2Fcomments&post=41468"}],"version-history":[{"count":0,"href":"https:\/\/www.boyacaleinforma.com\/index.php?rest_route=\/wp\/v2\/posts\/41468\/revisions"}],"wp:featuredmedia":[{"embeddable":true,"href":"https:\/\/www.boyacaleinforma.com\/index.php?rest_route=\/wp\/v2\/media\/41473"}],"wp:attachment":[{"href":"https:\/\/www.boyacaleinforma.com\/index.php?rest_route=%2Fwp%2Fv2%2Fmedia&parent=41468"}],"wp:term":[{"taxonomy":"category","embeddable":true,"href":"https:\/\/www.boyacaleinforma.com\/index.php?rest_route=%2Fwp%2Fv2%2Fcategories&post=41468"},{"taxonomy":"post_tag","embeddable":true,"href":"https:\/\/www.boyacaleinforma.com\/index.php?rest_route=%2Fwp%2Fv2%2Ftags&post=41468"}],"curies":[{"name":"wp","href":"https:\/\/api.w.org\/{rel}","templated":true}]}}