{"id":41481,"date":"2026-01-19T22:18:35","date_gmt":"2026-01-20T03:18:35","guid":{"rendered":"https:\/\/www.boyacaleinforma.com\/?p=41481"},"modified":"2026-01-19T22:19:23","modified_gmt":"2026-01-20T03:19:23","slug":"uribe-y-paloma-valencia-recorreran-boyaca-en-jornada-politica","status":"publish","type":"post","link":"https:\/\/www.boyacaleinforma.com\/?p=41481","title":{"rendered":"Uribe y Paloma Valencia recorrer\u00e1n Boyac\u00e1 en jornada pol\u00edtica"},"content":{"rendered":"\n<p>El expresidente y candidato al Senado \u00c1lvaro Uribe V\u00e9lez, junto a la precandidata presidencial Paloma Valencia, realizar\u00e1n este mi\u00e9rcoles 21 de enero una gira pol\u00edtica por las principales ciudades de Boyac\u00e1. La agenda incluye encuentros con ciudadanos y recorridos por zonas estrat\u00e9gicas de cada municipio.<br><br>La visita iniciar\u00e1 en Sogamoso a las 9:00 de la ma\u00f1ana, con un encuentro en la sede de la C\u00e1mara de Comercio. Posteriormente, a las 11:00 a. m., la comitiva se trasladar\u00e1 a Duitama, donde realizar\u00e1 un recorrido por la Plaza de Los Libertadores y v\u00edas principales del centro de la ciudad.<br><br>La jornada concluir\u00e1 en Tunja, con un acto p\u00fablico programado para las 4:30 de la tarde en la Plazoleta San Francisco, donde los dirigentes del Centro Democr\u00e1tico compartir\u00e1n sus mensajes pol\u00edticos con la ciudadan\u00eda boyacense.<\/p>\n","protected":false},"excerpt":{"rendered":"<p>El expresidente y candidato al Senado \u00c1lvaro Uribe V\u00e9lez, junto a la precandidata presidencial Paloma Valencia, realizar\u00e1n este<\/p>\n","protected":false},"author":1,"featured_media":41469,"comment_status":"open","ping_status":"open","sticky":false,"template":"","format":"standard","meta":{"om_disable_all_campaigns":false,"_monsterinsights_skip_tracking":false,"_monsterinsights_sitenote_active":false,"_monsterinsights_sitenote_note":"","_monsterinsights_sitenote_category":0,"footnotes":""},"categories":[5],"tags":[10],"class_list":["post-41481","post","type-post","status-publish","format-standard","has-post-thumbnail","hentry","category-boyaca","tag-noticias"],"aioseo_notices":[],"_links":{"self":[{"href":"https:\/\/www.boyacaleinforma.com\/index.php?rest_route=\/wp\/v2\/posts\/41481","targetHints":{"allow":["GET"]}}],"collection":[{"href":"https:\/\/www.boyacaleinforma.com\/index.php?rest_route=\/wp\/v2\/posts"}],"about":[{"href":"https:\/\/www.boyacaleinforma.com\/index.php?rest_route=\/wp\/v2\/types\/post"}],"author":[{"embeddable":true,"href":"https:\/\/www.boyacaleinforma.com\/index.php?rest_route=\/wp\/v2\/users\/1"}],"replies":[{"embeddable":true,"href":"https:\/\/www.boyacaleinforma.com\/index.php?rest_route=%2Fwp%2Fv2%2Fcomments&post=41481"}],"version-history":[{"count":0,"href":"https:\/\/www.boyacaleinforma.com\/index.php?rest_route=\/wp\/v2\/posts\/41481\/revisions"}],"wp:featuredmedia":[{"embeddable":true,"href":"https:\/\/www.boyacaleinforma.com\/index.php?rest_route=\/wp\/v2\/media\/41469"}],"wp:attachment":[{"href":"https:\/\/www.boyacaleinforma.com\/index.php?rest_route=%2Fwp%2Fv2%2Fmedia&parent=41481"}],"wp:term":[{"taxonomy":"category","embeddable":true,"href":"https:\/\/www.boyacaleinforma.com\/index.php?rest_route=%2Fwp%2Fv2%2Fcategories&post=41481"},{"taxonomy":"post_tag","embeddable":true,"href":"https:\/\/www.boyacaleinforma.com\/index.php?rest_route=%2Fwp%2Fv2%2Ftags&post=41481"}],"curies":[{"name":"wp","href":"https:\/\/api.w.org\/{rel}","templated":true}]}}