{"id":41483,"date":"2026-01-20T21:33:17","date_gmt":"2026-01-21T02:33:17","guid":{"rendered":"https:\/\/www.boyacaleinforma.com\/?p=41483"},"modified":"2026-01-20T21:47:45","modified_gmt":"2026-01-21T02:47:45","slug":"capturan-en-bogota-a-presunto-feminicida-requerido-por-la-justicia-de-tunja","status":"publish","type":"post","link":"https:\/\/www.boyacaleinforma.com\/?p=41483","title":{"rendered":"Capturan en Bogot\u00e1 a presunto feminicida requerido por la justicia de Tunja"},"content":{"rendered":"\n<p>En un operativo conjunto entre la Polic\u00eda Nacional, a trav\u00e9s de la SIJIN, y la Fiscal\u00eda General de la Naci\u00f3n, fue capturado en Bogot\u00e1 un hombre de 28 a\u00f1os requerido por orden judicial por el delito de feminicidio.<br><br>La detenci\u00f3n se realiz\u00f3 en v\u00eda p\u00fablica del barrio Granada, tras labores investigativas y apoyo de la ciudadan\u00eda, dando cumplimiento a una orden emitida por el Juzgado Segundo Municipal de Tunja. El capturado ser\u00eda el responsable de la muerte de una mujer hallada sin vida el pasado 4 de enero en una vivienda del barrio Libertador.<br><br>Seg\u00fan la investigaci\u00f3n, el an\u00e1lisis de m\u00e1s de 216 horas de c\u00e1maras de seguridad permiti\u00f3 establecer que la v\u00edctima ingres\u00f3 al inmueble el 29 de diciembre y no volvi\u00f3 a salir. Medicina Legal determin\u00f3 que la causa del deceso fue asfixia por obstrucci\u00f3n de las v\u00edas a\u00e9reas.<br><br>Aunque el hombre no acept\u00f3 los cargos, un juez le impuso medida de aseguramiento intramural en centro carcelario. La Polic\u00eda Metropolitana de Tunja reiter\u00f3 su compromiso con el esclarecimiento de los hechos y llam\u00f3 a la comunidad a denunciar cualquier situaci\u00f3n que afecte la seguridad, especialmente los casos de violencia contra la mujer, a trav\u00e9s de las l\u00edneas 123 y 155.<\/p>\n\n\n\n<figure class=\"wp-block-embed is-type-video is-provider-youtube wp-block-embed-youtube wp-embed-aspect-16-9 wp-has-aspect-ratio\"><div class=\"wp-block-embed__wrapper\">\n<iframe title=\"Capturan en Bogot\u00e1 a presunto feminicida requerido por la justicia de Tunja\" width=\"640\" height=\"360\" src=\"https:\/\/www.youtube.com\/embed\/YnC-DOKrgB0?feature=oembed\" frameborder=\"0\" allow=\"accelerometer; autoplay; clipboard-write; encrypted-media; gyroscope; picture-in-picture; web-share\" referrerpolicy=\"strict-origin-when-cross-origin\" allowfullscreen><\/iframe>\n<\/div><\/figure>\n","protected":false},"excerpt":{"rendered":"<p>En un operativo conjunto entre la Polic\u00eda Nacional, a trav\u00e9s de la SIJIN, y la Fiscal\u00eda General de<\/p>\n","protected":false},"author":1,"featured_media":41488,"comment_status":"open","ping_status":"open","sticky":false,"template":"","format":"standard","meta":{"om_disable_all_campaigns":false,"_monsterinsights_skip_tracking":false,"_monsterinsights_sitenote_active":false,"_monsterinsights_sitenote_note":"","_monsterinsights_sitenote_category":0,"footnotes":""},"categories":[8],"tags":[10],"class_list":["post-41483","post","type-post","status-publish","format-standard","has-post-thumbnail","hentry","category-judicial","tag-noticias"],"aioseo_notices":[],"_links":{"self":[{"href":"https:\/\/www.boyacaleinforma.com\/index.php?rest_route=\/wp\/v2\/posts\/41483","targetHints":{"allow":["GET"]}}],"collection":[{"href":"https:\/\/www.boyacaleinforma.com\/index.php?rest_route=\/wp\/v2\/posts"}],"about":[{"href":"https:\/\/www.boyacaleinforma.com\/index.php?rest_route=\/wp\/v2\/types\/post"}],"author":[{"embeddable":true,"href":"https:\/\/www.boyacaleinforma.com\/index.php?rest_route=\/wp\/v2\/users\/1"}],"replies":[{"embeddable":true,"href":"https:\/\/www.boyacaleinforma.com\/index.php?rest_route=%2Fwp%2Fv2%2Fcomments&post=41483"}],"version-history":[{"count":0,"href":"https:\/\/www.boyacaleinforma.com\/index.php?rest_route=\/wp\/v2\/posts\/41483\/revisions"}],"wp:featuredmedia":[{"embeddable":true,"href":"https:\/\/www.boyacaleinforma.com\/index.php?rest_route=\/wp\/v2\/media\/41488"}],"wp:attachment":[{"href":"https:\/\/www.boyacaleinforma.com\/index.php?rest_route=%2Fwp%2Fv2%2Fmedia&parent=41483"}],"wp:term":[{"taxonomy":"category","embeddable":true,"href":"https:\/\/www.boyacaleinforma.com\/index.php?rest_route=%2Fwp%2Fv2%2Fcategories&post=41483"},{"taxonomy":"post_tag","embeddable":true,"href":"https:\/\/www.boyacaleinforma.com\/index.php?rest_route=%2Fwp%2Fv2%2Ftags&post=41483"}],"curies":[{"name":"wp","href":"https:\/\/api.w.org\/{rel}","templated":true}]}}