{"id":41525,"date":"2026-01-21T21:17:39","date_gmt":"2026-01-22T02:17:39","guid":{"rendered":"https:\/\/www.boyacaleinforma.com\/?p=41525"},"modified":"2026-01-21T21:17:43","modified_gmt":"2026-01-22T02:17:43","slug":"jornada-integral-de-bienestar-y-empoderamiento-para-personas-con-discapacidad-y-sus-cuidadores-de-paez","status":"publish","type":"post","link":"https:\/\/www.boyacaleinforma.com\/?p=41525","title":{"rendered":"Jornada integral de bienestar y empoderamiento para personas con discapacidad y sus cuidadores de P\u00e1ez"},"content":{"rendered":"\n<p>La Administraci\u00f3n Municipal de P\u00e1ez, a trav\u00e9s de su Referente de Discapacidad, lider\u00f3 una significativa jornada que busc\u00f3 fortalecer la calidad de vida, promover la inclusi\u00f3n y facilitar el acceso a oportunidades formativas y sociales para las personas con discapacidad y sus cuidadores.<\/p>\n\n\n\n<p>Durante la jornada se:<\/p>\n\n\n\n<p>Socializ\u00f3 el proceso de caracterizaci\u00f3n de cuidadores para su registro en SISPRO del Ministerio de Salud.<\/p>\n\n\n\n<p>Present\u00f3 la oferta educativa del SENA enfocada en la formaci\u00f3n de cuidadores.<\/p>\n\n\n\n<p>Brindaron herramientas de autocuidado y salud mental gracias al Plan de Cuidado Familiar de la ESE Jorge Gonz\u00e1lez Olmos.<\/p>\n\n\n\n<p>Orient\u00f3 sobre el programa Renta Ciudadana y las corresponsabilidades de los hogares beneficiarios.<\/p>\n\n\n\n<p>Cont\u00f3 con la intervenci\u00f3n de la Polic\u00eda Nacional con actividades sobre seguridad, protecci\u00f3n y prevenci\u00f3n de la violencia intrafamiliar.<\/p>\n","protected":false},"excerpt":{"rendered":"<p>La Administraci\u00f3n Municipal de P\u00e1ez, a trav\u00e9s de su Referente de Discapacidad, lider\u00f3 una significativa jornada que busc\u00f3<\/p>\n","protected":false},"author":1,"featured_media":41520,"comment_status":"open","ping_status":"open","sticky":false,"template":"","format":"standard","meta":{"om_disable_all_campaigns":false,"_monsterinsights_skip_tracking":false,"_monsterinsights_sitenote_active":false,"_monsterinsights_sitenote_note":"","_monsterinsights_sitenote_category":0,"footnotes":""},"categories":[1],"tags":[],"class_list":["post-41525","post","type-post","status-publish","format-standard","has-post-thumbnail","hentry","category-uncategorized"],"aioseo_notices":[],"_links":{"self":[{"href":"https:\/\/www.boyacaleinforma.com\/index.php?rest_route=\/wp\/v2\/posts\/41525","targetHints":{"allow":["GET"]}}],"collection":[{"href":"https:\/\/www.boyacaleinforma.com\/index.php?rest_route=\/wp\/v2\/posts"}],"about":[{"href":"https:\/\/www.boyacaleinforma.com\/index.php?rest_route=\/wp\/v2\/types\/post"}],"author":[{"embeddable":true,"href":"https:\/\/www.boyacaleinforma.com\/index.php?rest_route=\/wp\/v2\/users\/1"}],"replies":[{"embeddable":true,"href":"https:\/\/www.boyacaleinforma.com\/index.php?rest_route=%2Fwp%2Fv2%2Fcomments&post=41525"}],"version-history":[{"count":0,"href":"https:\/\/www.boyacaleinforma.com\/index.php?rest_route=\/wp\/v2\/posts\/41525\/revisions"}],"wp:featuredmedia":[{"embeddable":true,"href":"https:\/\/www.boyacaleinforma.com\/index.php?rest_route=\/wp\/v2\/media\/41520"}],"wp:attachment":[{"href":"https:\/\/www.boyacaleinforma.com\/index.php?rest_route=%2Fwp%2Fv2%2Fmedia&parent=41525"}],"wp:term":[{"taxonomy":"category","embeddable":true,"href":"https:\/\/www.boyacaleinforma.com\/index.php?rest_route=%2Fwp%2Fv2%2Fcategories&post=41525"},{"taxonomy":"post_tag","embeddable":true,"href":"https:\/\/www.boyacaleinforma.com\/index.php?rest_route=%2Fwp%2Fv2%2Ftags&post=41525"}],"curies":[{"name":"wp","href":"https:\/\/api.w.org\/{rel}","templated":true}]}}