{"id":41563,"date":"2026-01-22T22:59:34","date_gmt":"2026-01-23T03:59:34","guid":{"rendered":"https:\/\/www.boyacaleinforma.com\/?p=41563"},"modified":"2026-01-22T23:07:24","modified_gmt":"2026-01-23T04:07:24","slug":"uptc-y-alcaldia-de-chiquinquira-avanzaron-en-alianza-para-impulsar-el-desarrollo-local","status":"publish","type":"post","link":"https:\/\/www.boyacaleinforma.com\/?p=41563","title":{"rendered":"UPTC y Alcald\u00eda de Chiquinquir\u00e1 avanzaron en alianza para impulsar el desarrollo local"},"content":{"rendered":"\n<p>En marzo de 2024, la Universidad Pedag\u00f3gica y Tecnol\u00f3gica de Colombia (UPTC) y la Alcald\u00eda de Chiquinquir\u00e1 anunciaron avances en la consolidaci\u00f3n de un convenio marco que promet\u00eda fortalecer el desarrollo del municipio a trav\u00e9s del acompa\u00f1amiento acad\u00e9mico y t\u00e9cnico en \u00e1reas estrat\u00e9gicas como infraestructura, emprendimiento y agricultura. El anuncio gener\u00f3 expectativas en una regi\u00f3n hist\u00f3ricamente marcada por limitadas oportunidades de acceso a educaci\u00f3n superior y escaso respaldo t\u00e9cnico para el desarrollo productivo local.<br><br>Casi dos a\u00f1os despu\u00e9s, la pregunta sigue siendo inevitable: \u00bfen qu\u00e9 punto qued\u00f3 ese convenio y qu\u00e9 impactos reales ha tenido para Chiquinquir\u00e1?<br><br>Tras el encuentro de 2024, desde la administraci\u00f3n municipal se habl\u00f3 de una hoja de ruta que permitir\u00eda definir proyectos concretos con acompa\u00f1amiento directo de la UPTC. Entre las prioridades estaban la asesor\u00eda t\u00e9cnica para iniciativas de emprendimiento, el fortalecimiento del sector agr\u00edcola y el apoyo en procesos de planificaci\u00f3n e infraestructura local.<br><br>Fuentes consultadas en el \u00e1mbito acad\u00e9mico se\u00f1alan que, durante el segundo semestre de 2024 y a lo largo de 2025, el trabajo se concentr\u00f3 principalmente en mesas t\u00e9cnicas y procesos de diagn\u00f3stico, m\u00e1s que en la ejecuci\u00f3n directa de proyectos visibles para la comunidad. Estos espacios permitieron identificar necesidades en formaci\u00f3n, cobertura educativa y pertinencia de programas universitarios en la regi\u00f3n.<br><br>Uno de los avances m\u00e1s concretos asociados a este proceso ha sido la inclusi\u00f3n de Chiquinquir\u00e1 en los planes de ampliaci\u00f3n y fortalecimiento de la infraestructura universitaria de la UPTC en Boyac\u00e1. Aunque estas inversiones no dependen exclusivamente del convenio municipal, s\u00ed est\u00e1n alineadas con el objetivo inicial de ampliar la presencia de la universidad en el occidente del departamento.<br><br>Durante 2025 se adelantaron estudios y dise\u00f1os para la mejora y ampliaci\u00f3n de espacios acad\u00e9micos, con miras a ofrecer mejores condiciones para programas presenciales y modalidades h\u00edbridas. No obstante, hasta comienzos de 2026, las obras f\u00edsicas de gran escala a\u00fan no se han materializado, una situaci\u00f3n que se repite en varios proyectos de infraestructura educativa a nivel nacional.<br><br>En materia de emprendimiento, la vinculaci\u00f3n directa de estudiantes y docentes a iniciativas productivas locales ha sido limitada y de bajo perfil, seg\u00fan l\u00edderes comunitarios y actores del sector econ\u00f3mico consultados. Si bien se han desarrollado jornadas acad\u00e9micas, asesor\u00edas puntuales y actividades de extensi\u00f3n universitaria, estas no han alcanzado todav\u00eda la escala necesaria para generar impactos sostenidos en empleo o dinamizaci\u00f3n econ\u00f3mica.<br><br>Desde la UPTC se reconoce que los procesos de extensi\u00f3n y proyecci\u00f3n social requieren financiaci\u00f3n espec\u00edfica, continuidad institucional y articulaci\u00f3n con otras entidades, factores que han ralentizado la ejecuci\u00f3n de lo planteado inicialmente.<br><br>A casi dos a\u00f1os del anuncio inicial, el convenio entre la UPTC y la Alcald\u00eda de Chiquinquir\u00e1 no puede calificarse como un fracaso, pero tampoco como un proyecto plenamente consolidado. Su mayor avance ha estado en la planeaci\u00f3n, el diagn\u00f3stico y la articulaci\u00f3n con iniciativas regionales m\u00e1s amplias, mientras que los resultados tangibles para la ciudadan\u00eda siguen siendo parciales.<\/p>\n","protected":false},"excerpt":{"rendered":"<p>En marzo de 2024, la Universidad Pedag\u00f3gica y Tecnol\u00f3gica de Colombia (UPTC) y la Alcald\u00eda de Chiquinquir\u00e1 anunciaron<\/p>\n","protected":false},"author":1,"featured_media":41555,"comment_status":"open","ping_status":"open","sticky":false,"template":"","format":"standard","meta":{"om_disable_all_campaigns":false,"_monsterinsights_skip_tracking":false,"_monsterinsights_sitenote_active":false,"_monsterinsights_sitenote_note":"","_monsterinsights_sitenote_category":0,"footnotes":""},"categories":[5],"tags":[10],"class_list":["post-41563","post","type-post","status-publish","format-standard","has-post-thumbnail","hentry","category-boyaca","tag-noticias"],"aioseo_notices":[],"_links":{"self":[{"href":"https:\/\/www.boyacaleinforma.com\/index.php?rest_route=\/wp\/v2\/posts\/41563","targetHints":{"allow":["GET"]}}],"collection":[{"href":"https:\/\/www.boyacaleinforma.com\/index.php?rest_route=\/wp\/v2\/posts"}],"about":[{"href":"https:\/\/www.boyacaleinforma.com\/index.php?rest_route=\/wp\/v2\/types\/post"}],"author":[{"embeddable":true,"href":"https:\/\/www.boyacaleinforma.com\/index.php?rest_route=\/wp\/v2\/users\/1"}],"replies":[{"embeddable":true,"href":"https:\/\/www.boyacaleinforma.com\/index.php?rest_route=%2Fwp%2Fv2%2Fcomments&post=41563"}],"version-history":[{"count":0,"href":"https:\/\/www.boyacaleinforma.com\/index.php?rest_route=\/wp\/v2\/posts\/41563\/revisions"}],"wp:featuredmedia":[{"embeddable":true,"href":"https:\/\/www.boyacaleinforma.com\/index.php?rest_route=\/wp\/v2\/media\/41555"}],"wp:attachment":[{"href":"https:\/\/www.boyacaleinforma.com\/index.php?rest_route=%2Fwp%2Fv2%2Fmedia&parent=41563"}],"wp:term":[{"taxonomy":"category","embeddable":true,"href":"https:\/\/www.boyacaleinforma.com\/index.php?rest_route=%2Fwp%2Fv2%2Fcategories&post=41563"},{"taxonomy":"post_tag","embeddable":true,"href":"https:\/\/www.boyacaleinforma.com\/index.php?rest_route=%2Fwp%2Fv2%2Ftags&post=41563"}],"curies":[{"name":"wp","href":"https:\/\/api.w.org\/{rel}","templated":true}]}}