{"id":41573,"date":"2026-01-22T23:02:05","date_gmt":"2026-01-23T04:02:05","guid":{"rendered":"https:\/\/www.boyacaleinforma.com\/?p=41573"},"modified":"2026-01-22T23:02:10","modified_gmt":"2026-01-23T04:02:10","slug":"protege-tu-vida-y-la-de-tu-familia-contra-la-fiebre-amarilla-en-paez","status":"publish","type":"post","link":"https:\/\/www.boyacaleinforma.com\/?p=41573","title":{"rendered":"Protege tu vida y la de tu familia contra la fiebre amarilla en P\u00e1ez"},"content":{"rendered":"\n<p>Ante el aumento del riesgo por fiebre amarilla, el Centro de Salud E.S.E. Jorge Gonz\u00e1lez Olmos, en coordinaci\u00f3n con la Municipio de P\u00e1ez y la Gobernaci\u00f3n de Boyac\u00e1, hace un llamado urgente a toda la comunidad para adoptar medidas preventivas que protejan la salud y la vida.<\/p>\n\n\n\n<p>Vac\u00fanate contra la fiebre amarilla:<\/p>\n\n\n\n<p>Una sola dosis es suficiente y protege de por vida.<\/p>\n\n\n\n<p>Est\u00e1 disponible de forma gratuita en todos los puntos de vacunaci\u00f3n del municipio.<\/p>\n\n\n\n<p>Si vas a viajar a zonas de riesgo, aplica la vacuna con al menos 10 d\u00edas de anticipaci\u00f3n.<\/p>\n","protected":false},"excerpt":{"rendered":"<p>Ante el aumento del riesgo por fiebre amarilla, el Centro de Salud E.S.E. Jorge Gonz\u00e1lez Olmos, en coordinaci\u00f3n<\/p>\n","protected":false},"author":1,"featured_media":41567,"comment_status":"open","ping_status":"open","sticky":false,"template":"","format":"standard","meta":{"om_disable_all_campaigns":false,"_monsterinsights_skip_tracking":false,"_monsterinsights_sitenote_active":false,"_monsterinsights_sitenote_note":"","_monsterinsights_sitenote_category":0,"footnotes":""},"categories":[1],"tags":[],"class_list":["post-41573","post","type-post","status-publish","format-standard","has-post-thumbnail","hentry","category-uncategorized"],"aioseo_notices":[],"_links":{"self":[{"href":"https:\/\/www.boyacaleinforma.com\/index.php?rest_route=\/wp\/v2\/posts\/41573","targetHints":{"allow":["GET"]}}],"collection":[{"href":"https:\/\/www.boyacaleinforma.com\/index.php?rest_route=\/wp\/v2\/posts"}],"about":[{"href":"https:\/\/www.boyacaleinforma.com\/index.php?rest_route=\/wp\/v2\/types\/post"}],"author":[{"embeddable":true,"href":"https:\/\/www.boyacaleinforma.com\/index.php?rest_route=\/wp\/v2\/users\/1"}],"replies":[{"embeddable":true,"href":"https:\/\/www.boyacaleinforma.com\/index.php?rest_route=%2Fwp%2Fv2%2Fcomments&post=41573"}],"version-history":[{"count":0,"href":"https:\/\/www.boyacaleinforma.com\/index.php?rest_route=\/wp\/v2\/posts\/41573\/revisions"}],"wp:featuredmedia":[{"embeddable":true,"href":"https:\/\/www.boyacaleinforma.com\/index.php?rest_route=\/wp\/v2\/media\/41567"}],"wp:attachment":[{"href":"https:\/\/www.boyacaleinforma.com\/index.php?rest_route=%2Fwp%2Fv2%2Fmedia&parent=41573"}],"wp:term":[{"taxonomy":"category","embeddable":true,"href":"https:\/\/www.boyacaleinforma.com\/index.php?rest_route=%2Fwp%2Fv2%2Fcategories&post=41573"},{"taxonomy":"post_tag","embeddable":true,"href":"https:\/\/www.boyacaleinforma.com\/index.php?rest_route=%2Fwp%2Fv2%2Ftags&post=41573"}],"curies":[{"name":"wp","href":"https:\/\/api.w.org\/{rel}","templated":true}]}}