{"id":41583,"date":"2026-01-25T20:21:34","date_gmt":"2026-01-26T01:21:34","guid":{"rendered":"https:\/\/www.boyacaleinforma.com\/?p=41583"},"modified":"2026-01-25T20:21:38","modified_gmt":"2026-01-26T01:21:38","slug":"siguen-fortaleciendo-el-campo-macanalense","status":"publish","type":"post","link":"https:\/\/www.boyacaleinforma.com\/?p=41583","title":{"rendered":"Siguen fortaleciendo el campo macanalense"},"content":{"rendered":"\n<p>Con \u00e9xito se realizaron dos importantes jornadas de formaci\u00f3n dirigidas a los productores rurales:<\/p>\n\n\n\n<p>Taller de Buenas Pr\u00e1cticas Agr\u00edcolas y Ap\u00edcolas<\/p>\n\n\n\n<p>Capacitaron y certificaron a 40 productores en temas de producci\u00f3n segura, sostenible y responsable, promoviendo la sana convivencia entre agricultores y apicultores.<\/p>\n\n\n\n<p>Dictado por la C\u00e1mara Procultivos \u2013 ANDI y el programa CuidAgro, con apoyo de la Gobernaci\u00f3n de Boyac\u00e1 y la Administraci\u00f3n Municipal.<\/p>\n","protected":false},"excerpt":{"rendered":"<p>Con \u00e9xito se realizaron dos importantes jornadas de formaci\u00f3n dirigidas a los productores rurales: Taller de Buenas Pr\u00e1cticas<\/p>\n","protected":false},"author":1,"featured_media":41584,"comment_status":"open","ping_status":"open","sticky":false,"template":"","format":"standard","meta":{"om_disable_all_campaigns":false,"_monsterinsights_skip_tracking":false,"_monsterinsights_sitenote_active":false,"_monsterinsights_sitenote_note":"","_monsterinsights_sitenote_category":0,"footnotes":""},"categories":[1],"tags":[],"class_list":["post-41583","post","type-post","status-publish","format-standard","has-post-thumbnail","hentry","category-uncategorized"],"aioseo_notices":[],"_links":{"self":[{"href":"https:\/\/www.boyacaleinforma.com\/index.php?rest_route=\/wp\/v2\/posts\/41583","targetHints":{"allow":["GET"]}}],"collection":[{"href":"https:\/\/www.boyacaleinforma.com\/index.php?rest_route=\/wp\/v2\/posts"}],"about":[{"href":"https:\/\/www.boyacaleinforma.com\/index.php?rest_route=\/wp\/v2\/types\/post"}],"author":[{"embeddable":true,"href":"https:\/\/www.boyacaleinforma.com\/index.php?rest_route=\/wp\/v2\/users\/1"}],"replies":[{"embeddable":true,"href":"https:\/\/www.boyacaleinforma.com\/index.php?rest_route=%2Fwp%2Fv2%2Fcomments&post=41583"}],"version-history":[{"count":0,"href":"https:\/\/www.boyacaleinforma.com\/index.php?rest_route=\/wp\/v2\/posts\/41583\/revisions"}],"wp:featuredmedia":[{"embeddable":true,"href":"https:\/\/www.boyacaleinforma.com\/index.php?rest_route=\/wp\/v2\/media\/41584"}],"wp:attachment":[{"href":"https:\/\/www.boyacaleinforma.com\/index.php?rest_route=%2Fwp%2Fv2%2Fmedia&parent=41583"}],"wp:term":[{"taxonomy":"category","embeddable":true,"href":"https:\/\/www.boyacaleinforma.com\/index.php?rest_route=%2Fwp%2Fv2%2Fcategories&post=41583"},{"taxonomy":"post_tag","embeddable":true,"href":"https:\/\/www.boyacaleinforma.com\/index.php?rest_route=%2Fwp%2Fv2%2Ftags&post=41583"}],"curies":[{"name":"wp","href":"https:\/\/api.w.org\/{rel}","templated":true}]}}