{"id":41601,"date":"2026-01-25T20:31:46","date_gmt":"2026-01-26T01:31:46","guid":{"rendered":"https:\/\/www.boyacaleinforma.com\/?p=41601"},"modified":"2026-01-25T20:37:24","modified_gmt":"2026-01-26T01:37:24","slug":"john-amaya-suma-apoyos-en-bogota-con-respaldo-de-la-colonia-boyacense","status":"publish","type":"post","link":"https:\/\/www.boyacaleinforma.com\/?p=41601","title":{"rendered":"John Amaya suma apoyos en Bogot\u00e1 con respaldo de la colonia boyacense"},"content":{"rendered":"\n<p>El candidato al Senado John Amaya (Alianza Verde #5) realiz\u00f3 una intensa jornada de campa\u00f1a en distintos barrios de Bogot\u00e1, donde sostuvo encuentros ciudadanos en localidades como Kennedy y Teusaquillo, zonas con alta presencia de poblaci\u00f3n boyacense. En estos espacios, present\u00f3 los avances del proceso pol\u00edtico impulsado por su colectividad en Boyac\u00e1 y recogi\u00f3 inquietudes de la comunidad.<br><br>Amaya resalt\u00f3 la importancia de una pol\u00edtica construida desde el territorio y basada en la escucha activa. \u201cSi no se entienden los problemas de la gente, se proponen soluciones equivocadas\u201d, afirm\u00f3, al tiempo que expres\u00f3 su emoci\u00f3n por reencontrarse con paisanos en la capital.<br><br>La agenda cont\u00f3 con el acompa\u00f1amiento de Mauricio Toro (#105) y Natalia Goyeneche (#102), candidatos a la C\u00e1mara por Bogot\u00e1, y del concejal Edward Arias. Los encuentros sirvieron para reafirmar una agenda com\u00fan centrada en educaci\u00f3n, campo, tecnolog\u00eda, ciudadan\u00eda digna y protecci\u00f3n de la vida, fortaleciendo una alianza con creciente respaldo ciudadano.<\/p>\n\n\n\n<p>PPP<\/p>\n","protected":false},"excerpt":{"rendered":"<p>El candidato al Senado John Amaya (Alianza Verde #5) realiz\u00f3 una intensa jornada de campa\u00f1a en distintos barrios<\/p>\n","protected":false},"author":1,"featured_media":41605,"comment_status":"open","ping_status":"open","sticky":false,"template":"","format":"standard","meta":{"om_disable_all_campaigns":false,"_monsterinsights_skip_tracking":false,"_monsterinsights_sitenote_active":false,"_monsterinsights_sitenote_note":"","_monsterinsights_sitenote_category":0,"footnotes":""},"categories":[9],"tags":[10],"class_list":["post-41601","post","type-post","status-publish","format-standard","has-post-thumbnail","hentry","category-colombia","tag-noticias"],"aioseo_notices":[],"_links":{"self":[{"href":"https:\/\/www.boyacaleinforma.com\/index.php?rest_route=\/wp\/v2\/posts\/41601","targetHints":{"allow":["GET"]}}],"collection":[{"href":"https:\/\/www.boyacaleinforma.com\/index.php?rest_route=\/wp\/v2\/posts"}],"about":[{"href":"https:\/\/www.boyacaleinforma.com\/index.php?rest_route=\/wp\/v2\/types\/post"}],"author":[{"embeddable":true,"href":"https:\/\/www.boyacaleinforma.com\/index.php?rest_route=\/wp\/v2\/users\/1"}],"replies":[{"embeddable":true,"href":"https:\/\/www.boyacaleinforma.com\/index.php?rest_route=%2Fwp%2Fv2%2Fcomments&post=41601"}],"version-history":[{"count":0,"href":"https:\/\/www.boyacaleinforma.com\/index.php?rest_route=\/wp\/v2\/posts\/41601\/revisions"}],"wp:featuredmedia":[{"embeddable":true,"href":"https:\/\/www.boyacaleinforma.com\/index.php?rest_route=\/wp\/v2\/media\/41605"}],"wp:attachment":[{"href":"https:\/\/www.boyacaleinforma.com\/index.php?rest_route=%2Fwp%2Fv2%2Fmedia&parent=41601"}],"wp:term":[{"taxonomy":"category","embeddable":true,"href":"https:\/\/www.boyacaleinforma.com\/index.php?rest_route=%2Fwp%2Fv2%2Fcategories&post=41601"},{"taxonomy":"post_tag","embeddable":true,"href":"https:\/\/www.boyacaleinforma.com\/index.php?rest_route=%2Fwp%2Fv2%2Ftags&post=41601"}],"curies":[{"name":"wp","href":"https:\/\/api.w.org\/{rel}","templated":true}]}}