{"id":41658,"date":"2026-01-27T22:02:02","date_gmt":"2026-01-28T03:02:02","guid":{"rendered":"https:\/\/www.boyacaleinforma.com\/?p=41658"},"modified":"2026-01-27T22:02:05","modified_gmt":"2026-01-28T03:02:05","slug":"jornada-de-autocuidado-para-personas-con-discapacidad-en-paez","status":"publish","type":"post","link":"https:\/\/www.boyacaleinforma.com\/?p=41658","title":{"rendered":"Jornada de autocuidado para personas con discapacidad en P\u00e1ez"},"content":{"rendered":"\n<p>Con amor y compromiso, vivieron una hermosa jornada de autocuidado en el Hogar Santa Ana, pensada especialmente para las personas con discapacidad.<\/p>\n\n\n\n<p>Gracias al trabajo conjunto del Referente de Discapacidad, la Biblioteca P\u00fablica y Vive Digital, compartieron un espacio lleno de respeto, aprendizaje y participaci\u00f3n, donde cada persona fue escuchada, valorada y acompa\u00f1ada.<\/p>\n\n\n\n<p>Durante la jornada, hablaron sobre el cuidado del cuerpo y del alma, compartieron talleres, juegos y materiales dise\u00f1ados para fortalecer la autonom\u00eda, la salud y el apoyo mutuo entre cuidadores y usuarios. Fue un encuentro para aprender, pero sobre todo, para reconocerlos como parte de una comunidad que cuida y se deja cuidar.<\/p>\n","protected":false},"excerpt":{"rendered":"<p>Con amor y compromiso, vivieron una hermosa jornada de autocuidado en el Hogar Santa Ana, pensada especialmente para<\/p>\n","protected":false},"author":1,"featured_media":41652,"comment_status":"open","ping_status":"open","sticky":false,"template":"","format":"standard","meta":{"om_disable_all_campaigns":false,"_monsterinsights_skip_tracking":false,"_monsterinsights_sitenote_active":false,"_monsterinsights_sitenote_note":"","_monsterinsights_sitenote_category":0,"footnotes":""},"categories":[1],"tags":[],"class_list":["post-41658","post","type-post","status-publish","format-standard","has-post-thumbnail","hentry","category-uncategorized"],"aioseo_notices":[],"_links":{"self":[{"href":"https:\/\/www.boyacaleinforma.com\/index.php?rest_route=\/wp\/v2\/posts\/41658","targetHints":{"allow":["GET"]}}],"collection":[{"href":"https:\/\/www.boyacaleinforma.com\/index.php?rest_route=\/wp\/v2\/posts"}],"about":[{"href":"https:\/\/www.boyacaleinforma.com\/index.php?rest_route=\/wp\/v2\/types\/post"}],"author":[{"embeddable":true,"href":"https:\/\/www.boyacaleinforma.com\/index.php?rest_route=\/wp\/v2\/users\/1"}],"replies":[{"embeddable":true,"href":"https:\/\/www.boyacaleinforma.com\/index.php?rest_route=%2Fwp%2Fv2%2Fcomments&post=41658"}],"version-history":[{"count":0,"href":"https:\/\/www.boyacaleinforma.com\/index.php?rest_route=\/wp\/v2\/posts\/41658\/revisions"}],"wp:featuredmedia":[{"embeddable":true,"href":"https:\/\/www.boyacaleinforma.com\/index.php?rest_route=\/wp\/v2\/media\/41652"}],"wp:attachment":[{"href":"https:\/\/www.boyacaleinforma.com\/index.php?rest_route=%2Fwp%2Fv2%2Fmedia&parent=41658"}],"wp:term":[{"taxonomy":"category","embeddable":true,"href":"https:\/\/www.boyacaleinforma.com\/index.php?rest_route=%2Fwp%2Fv2%2Fcategories&post=41658"},{"taxonomy":"post_tag","embeddable":true,"href":"https:\/\/www.boyacaleinforma.com\/index.php?rest_route=%2Fwp%2Fv2%2Ftags&post=41658"}],"curies":[{"name":"wp","href":"https:\/\/api.w.org\/{rel}","templated":true}]}}