{"id":41668,"date":"2026-01-27T22:11:00","date_gmt":"2026-01-28T03:11:00","guid":{"rendered":"https:\/\/www.boyacaleinforma.com\/?p=41668"},"modified":"2026-01-27T22:22:07","modified_gmt":"2026-01-28T03:22:07","slug":"concejal-de-cuitiva-pierde-su-investidura-por-ejercer-como-abogado-ante-la-alcaldia","status":"publish","type":"post","link":"https:\/\/www.boyacaleinforma.com\/?p=41668","title":{"rendered":"Concejal de Cu\u00edtiva pierde su investidura por ejercer como abogado ante la Alcald\u00eda"},"content":{"rendered":"\n<p>El Tribunal Administrativo de Boyac\u00e1 decret\u00f3 la p\u00e9rdida de investidura de un concejal del municipio de Cu\u00edtiva, elegido para el periodo 2024-2027, al concluir que viol\u00f3 el r\u00e9gimen de incompatibilidades al ejercer simult\u00e1neamente como abogado litigante ante la Secretar\u00eda de Gobierno del mismo municipio.<br><br>La decisi\u00f3n se produjo tras una demanda presentada por el Personero Municipal, quien aleg\u00f3 que el cabildante actu\u00f3 como apoderado de terceros ante una dependencia sobre la cual deb\u00eda ejercer control pol\u00edtico. Para la Sala Plena del Tribunal, esta actuaci\u00f3n configur\u00f3 una incompatibilidad expresa, pues implic\u00f3 intervenci\u00f3n procesal efectiva ante una autoridad municipal, vulnerando los principios de independencia e imparcialidad del cargo.<br><br>El fallo se\u00f1al\u00f3 que el concejal, con pleno conocimiento del marco legal, actu\u00f3 de manera consciente y voluntaria, lo que llev\u00f3 a calificar su conducta como dolosa dentro del proceso sancionatorio. Por esta raz\u00f3n, se dej\u00f3 sin efecto su credencial y se orden\u00f3 llamar al siguiente candidato de la lista electoral.<br><br>Aunque el Tribunal no estudi\u00f3 la segunda causal invocada \u2014indebida destinaci\u00f3n de dineros p\u00fablicos\u2014 por sustracci\u00f3n de materia, la decisi\u00f3n no fue un\u00e1nime. Un magistrado salv\u00f3 su voto al considerar que la mayor\u00eda desconoci\u00f3 una excepci\u00f3n legal que permite a los concejales ejercer su profesi\u00f3n cuando no interfiera con sus funciones ni comprometa al municipio. A su juicio, la interpretaci\u00f3n adoptada vulner\u00f3 derechos fundamentales como el trabajo y la libertad profesional.<br><br>Pese a la discrepancia, la decisi\u00f3n mayoritaria reafirma una lectura estricta del r\u00e9gimen de incompatibilidades para los concejales municipales.<\/p>\n","protected":false},"excerpt":{"rendered":"<p>El Tribunal Administrativo de Boyac\u00e1 decret\u00f3 la p\u00e9rdida de investidura de un concejal del municipio de Cu\u00edtiva, elegido<\/p>\n","protected":false},"author":1,"featured_media":41671,"comment_status":"open","ping_status":"open","sticky":false,"template":"","format":"standard","meta":{"om_disable_all_campaigns":false,"_monsterinsights_skip_tracking":false,"_monsterinsights_sitenote_active":false,"_monsterinsights_sitenote_note":"","_monsterinsights_sitenote_category":0,"footnotes":""},"categories":[8],"tags":[10],"class_list":["post-41668","post","type-post","status-publish","format-standard","has-post-thumbnail","hentry","category-judicial","tag-noticias"],"aioseo_notices":[],"_links":{"self":[{"href":"https:\/\/www.boyacaleinforma.com\/index.php?rest_route=\/wp\/v2\/posts\/41668","targetHints":{"allow":["GET"]}}],"collection":[{"href":"https:\/\/www.boyacaleinforma.com\/index.php?rest_route=\/wp\/v2\/posts"}],"about":[{"href":"https:\/\/www.boyacaleinforma.com\/index.php?rest_route=\/wp\/v2\/types\/post"}],"author":[{"embeddable":true,"href":"https:\/\/www.boyacaleinforma.com\/index.php?rest_route=\/wp\/v2\/users\/1"}],"replies":[{"embeddable":true,"href":"https:\/\/www.boyacaleinforma.com\/index.php?rest_route=%2Fwp%2Fv2%2Fcomments&post=41668"}],"version-history":[{"count":0,"href":"https:\/\/www.boyacaleinforma.com\/index.php?rest_route=\/wp\/v2\/posts\/41668\/revisions"}],"wp:featuredmedia":[{"embeddable":true,"href":"https:\/\/www.boyacaleinforma.com\/index.php?rest_route=\/wp\/v2\/media\/41671"}],"wp:attachment":[{"href":"https:\/\/www.boyacaleinforma.com\/index.php?rest_route=%2Fwp%2Fv2%2Fmedia&parent=41668"}],"wp:term":[{"taxonomy":"category","embeddable":true,"href":"https:\/\/www.boyacaleinforma.com\/index.php?rest_route=%2Fwp%2Fv2%2Fcategories&post=41668"},{"taxonomy":"post_tag","embeddable":true,"href":"https:\/\/www.boyacaleinforma.com\/index.php?rest_route=%2Fwp%2Fv2%2Ftags&post=41668"}],"curies":[{"name":"wp","href":"https:\/\/api.w.org\/{rel}","templated":true}]}}