{"id":41673,"date":"2026-01-27T22:13:20","date_gmt":"2026-01-28T03:13:20","guid":{"rendered":"https:\/\/www.boyacaleinforma.com\/?p=41673"},"modified":"2026-01-27T22:21:52","modified_gmt":"2026-01-28T03:21:52","slug":"said-lopez-arranca-el-2026-a-paso-firme-en-la-quinini-trail","status":"publish","type":"post","link":"https:\/\/www.boyacaleinforma.com\/?p=41673","title":{"rendered":"Said L\u00f3pez arranca el 2026 a paso firme en la Quinini Trail"},"content":{"rendered":"\n<p>El boyacense Said L\u00f3pez, oriundo de Villa de Leyva, comenz\u00f3 el 2026 con una destacada victoria al consagrarse campe\u00f3n de la categor\u00eda m\u00e1ster en la exigente Quinini Trail 2026, disputada entre el 24 y 25 de enero en Cundinamarca.<br><br>L\u00f3pez se impuso en los 21 kil\u00f3metros de competencia con un tiempo de 2 horas, 10 minutos y 18 segundos, manteniendo un ritmo de 6\u201912\u201d por kil\u00f3metro. En el podio de la categor\u00eda lo acompa\u00f1aron el franc\u00e9s Manuel Moissonier y el colombiano Nelson Aguilar.<br><br>Adem\u00e1s del t\u00edtulo m\u00e1ster, el atleta boyacense logr\u00f3 una sobresaliente cuarta posici\u00f3n en la clasificaci\u00f3n general masculina, en una prueba ganada por Franklin Rodr\u00edguez, seguido por Jairo Silva y Estiven Gonz\u00e1lez, confirmando as\u00ed su gran inicio de temporada en el trail nacional.<\/p>\n","protected":false},"excerpt":{"rendered":"<p>El boyacense Said L\u00f3pez, oriundo de Villa de Leyva, comenz\u00f3 el 2026 con una destacada victoria al consagrarse<\/p>\n","protected":false},"author":1,"featured_media":41674,"comment_status":"open","ping_status":"open","sticky":false,"template":"","format":"standard","meta":{"om_disable_all_campaigns":false,"_monsterinsights_skip_tracking":false,"_monsterinsights_sitenote_active":false,"_monsterinsights_sitenote_note":"","_monsterinsights_sitenote_category":0,"footnotes":""},"categories":[7],"tags":[10],"class_list":["post-41673","post","type-post","status-publish","format-standard","has-post-thumbnail","hentry","category-deportes","tag-noticias"],"aioseo_notices":[],"_links":{"self":[{"href":"https:\/\/www.boyacaleinforma.com\/index.php?rest_route=\/wp\/v2\/posts\/41673","targetHints":{"allow":["GET"]}}],"collection":[{"href":"https:\/\/www.boyacaleinforma.com\/index.php?rest_route=\/wp\/v2\/posts"}],"about":[{"href":"https:\/\/www.boyacaleinforma.com\/index.php?rest_route=\/wp\/v2\/types\/post"}],"author":[{"embeddable":true,"href":"https:\/\/www.boyacaleinforma.com\/index.php?rest_route=\/wp\/v2\/users\/1"}],"replies":[{"embeddable":true,"href":"https:\/\/www.boyacaleinforma.com\/index.php?rest_route=%2Fwp%2Fv2%2Fcomments&post=41673"}],"version-history":[{"count":0,"href":"https:\/\/www.boyacaleinforma.com\/index.php?rest_route=\/wp\/v2\/posts\/41673\/revisions"}],"wp:featuredmedia":[{"embeddable":true,"href":"https:\/\/www.boyacaleinforma.com\/index.php?rest_route=\/wp\/v2\/media\/41674"}],"wp:attachment":[{"href":"https:\/\/www.boyacaleinforma.com\/index.php?rest_route=%2Fwp%2Fv2%2Fmedia&parent=41673"}],"wp:term":[{"taxonomy":"category","embeddable":true,"href":"https:\/\/www.boyacaleinforma.com\/index.php?rest_route=%2Fwp%2Fv2%2Fcategories&post=41673"},{"taxonomy":"post_tag","embeddable":true,"href":"https:\/\/www.boyacaleinforma.com\/index.php?rest_route=%2Fwp%2Fv2%2Ftags&post=41673"}],"curies":[{"name":"wp","href":"https:\/\/api.w.org\/{rel}","templated":true}]}}