{"id":41677,"date":"2026-01-27T22:15:15","date_gmt":"2026-01-28T03:15:15","guid":{"rendered":"https:\/\/www.boyacaleinforma.com\/?p=41677"},"modified":"2026-01-27T22:21:35","modified_gmt":"2026-01-28T03:21:35","slug":"a-prision-presunto-agresor-por-violencia-intrafamiliar-en-chiquinquira","status":"publish","type":"post","link":"https:\/\/www.boyacaleinforma.com\/?p=41677","title":{"rendered":"A prisi\u00f3n presunto agresor por violencia intrafamiliar en Chiquinquir\u00e1"},"content":{"rendered":"\n<p>Un juez orden\u00f3 medida de aseguramiento en centro carcelario contra un hombre se\u00f1alado de ejercer violencia intrafamiliar agravada en Chiquinquir\u00e1 (Boyac\u00e1), tras solicitud de la Fiscal\u00eda Seccional Boyac\u00e1.<br><br>De acuerdo con la investigaci\u00f3n, el procesado habr\u00eda intimidado, insultado y amenazado de muerte a su pareja sentimental en repetidas ocasiones, incluso en presencia de sus hijos menores de edad. Los hechos se habr\u00edan presentado el 31 de diciembre y los d\u00edas 9 y 11 de enero, mediante llamadas y videollamadas.<br><br>Adem\u00e1s, el pasado 12 de enero, el hombre presuntamente abord\u00f3 a la v\u00edctima en el parque Julio Fl\u00f3rez para exigirle retomar encuentros \u00edntimos, situaci\u00f3n que llev\u00f3 a la mujer a denunciar ante las autoridades.<br><br>Tras la captura y su legalizaci\u00f3n, la Fiscal\u00eda imput\u00f3 el delito y solicit\u00f3 la reclusi\u00f3n del investigado mientras avanza el proceso judicial.<\/p>\n","protected":false},"excerpt":{"rendered":"<p>Un juez orden\u00f3 medida de aseguramiento en centro carcelario contra un hombre se\u00f1alado de ejercer violencia intrafamiliar agravada<\/p>\n","protected":false},"author":1,"featured_media":41675,"comment_status":"open","ping_status":"open","sticky":false,"template":"","format":"standard","meta":{"om_disable_all_campaigns":false,"_monsterinsights_skip_tracking":false,"_monsterinsights_sitenote_active":false,"_monsterinsights_sitenote_note":"","_monsterinsights_sitenote_category":0,"footnotes":""},"categories":[8],"tags":[10],"class_list":["post-41677","post","type-post","status-publish","format-standard","has-post-thumbnail","hentry","category-judicial","tag-noticias"],"aioseo_notices":[],"_links":{"self":[{"href":"https:\/\/www.boyacaleinforma.com\/index.php?rest_route=\/wp\/v2\/posts\/41677","targetHints":{"allow":["GET"]}}],"collection":[{"href":"https:\/\/www.boyacaleinforma.com\/index.php?rest_route=\/wp\/v2\/posts"}],"about":[{"href":"https:\/\/www.boyacaleinforma.com\/index.php?rest_route=\/wp\/v2\/types\/post"}],"author":[{"embeddable":true,"href":"https:\/\/www.boyacaleinforma.com\/index.php?rest_route=\/wp\/v2\/users\/1"}],"replies":[{"embeddable":true,"href":"https:\/\/www.boyacaleinforma.com\/index.php?rest_route=%2Fwp%2Fv2%2Fcomments&post=41677"}],"version-history":[{"count":0,"href":"https:\/\/www.boyacaleinforma.com\/index.php?rest_route=\/wp\/v2\/posts\/41677\/revisions"}],"wp:featuredmedia":[{"embeddable":true,"href":"https:\/\/www.boyacaleinforma.com\/index.php?rest_route=\/wp\/v2\/media\/41675"}],"wp:attachment":[{"href":"https:\/\/www.boyacaleinforma.com\/index.php?rest_route=%2Fwp%2Fv2%2Fmedia&parent=41677"}],"wp:term":[{"taxonomy":"category","embeddable":true,"href":"https:\/\/www.boyacaleinforma.com\/index.php?rest_route=%2Fwp%2Fv2%2Fcategories&post=41677"},{"taxonomy":"post_tag","embeddable":true,"href":"https:\/\/www.boyacaleinforma.com\/index.php?rest_route=%2Fwp%2Fv2%2Ftags&post=41677"}],"curies":[{"name":"wp","href":"https:\/\/api.w.org\/{rel}","templated":true}]}}