{"id":41681,"date":"2026-01-27T22:18:31","date_gmt":"2026-01-28T03:18:31","guid":{"rendered":"https:\/\/www.boyacaleinforma.com\/?p=41681"},"modified":"2026-01-27T22:19:53","modified_gmt":"2026-01-28T03:19:53","slug":"estudiantes-presionan-por-tarifa-diferencial-y-logran-mesa-de-dialogo-en-tunja","status":"publish","type":"post","link":"https:\/\/www.boyacaleinforma.com\/?p=41681","title":{"rendered":"Estudiantes presionan por tarifa diferencial y logran mesa de di\u00e1logo en Tunja"},"content":{"rendered":"\n<p>Este mi\u00e9rcoles 28 de enero se realizar\u00e1 una mesa de di\u00e1logo entre estudiantes, autoridades y empresas de transporte para analizar la implementaci\u00f3n de una tarifa diferencial en el transporte intermunicipal hacia Tunja, tras el fuerte incremento en los pasajes.<br><br>La convocatoria surge luego de una manifestaci\u00f3n pac\u00edfica de j\u00f3venes de municipios vecinos en el Terminal de Transportes de la capital boyacense, donde denunciaron que el alza en los tiquetes, vigente desde el 5 de diciembre de 2025, dificulta seriamente su desplazamiento diario y continuidad acad\u00e9mica.<br><br>El gobernador de Boyac\u00e1, Carlos Amaya, confirm\u00f3 su participaci\u00f3n en el encuentro y reiter\u00f3 que la soluci\u00f3n requiere el trabajo conjunto de alcald\u00edas, empresas transportadoras y el Gobierno Nacional, al tiempo que respald\u00f3 la investigaci\u00f3n solicitada ante la Superintendencia de Transporte.<\/p>\n","protected":false},"excerpt":{"rendered":"<p>Este mi\u00e9rcoles 28 de enero se realizar\u00e1 una mesa de di\u00e1logo entre estudiantes, autoridades y empresas de transporte<\/p>\n","protected":false},"author":1,"featured_media":41670,"comment_status":"open","ping_status":"open","sticky":false,"template":"","format":"standard","meta":{"om_disable_all_campaigns":false,"_monsterinsights_skip_tracking":false,"_monsterinsights_sitenote_active":false,"_monsterinsights_sitenote_note":"","_monsterinsights_sitenote_category":0,"footnotes":""},"categories":[6],"tags":[10],"class_list":["post-41681","post","type-post","status-publish","format-standard","has-post-thumbnail","hentry","category-tunja","tag-noticias"],"aioseo_notices":[],"_links":{"self":[{"href":"https:\/\/www.boyacaleinforma.com\/index.php?rest_route=\/wp\/v2\/posts\/41681","targetHints":{"allow":["GET"]}}],"collection":[{"href":"https:\/\/www.boyacaleinforma.com\/index.php?rest_route=\/wp\/v2\/posts"}],"about":[{"href":"https:\/\/www.boyacaleinforma.com\/index.php?rest_route=\/wp\/v2\/types\/post"}],"author":[{"embeddable":true,"href":"https:\/\/www.boyacaleinforma.com\/index.php?rest_route=\/wp\/v2\/users\/1"}],"replies":[{"embeddable":true,"href":"https:\/\/www.boyacaleinforma.com\/index.php?rest_route=%2Fwp%2Fv2%2Fcomments&post=41681"}],"version-history":[{"count":0,"href":"https:\/\/www.boyacaleinforma.com\/index.php?rest_route=\/wp\/v2\/posts\/41681\/revisions"}],"wp:featuredmedia":[{"embeddable":true,"href":"https:\/\/www.boyacaleinforma.com\/index.php?rest_route=\/wp\/v2\/media\/41670"}],"wp:attachment":[{"href":"https:\/\/www.boyacaleinforma.com\/index.php?rest_route=%2Fwp%2Fv2%2Fmedia&parent=41681"}],"wp:term":[{"taxonomy":"category","embeddable":true,"href":"https:\/\/www.boyacaleinforma.com\/index.php?rest_route=%2Fwp%2Fv2%2Fcategories&post=41681"},{"taxonomy":"post_tag","embeddable":true,"href":"https:\/\/www.boyacaleinforma.com\/index.php?rest_route=%2Fwp%2Fv2%2Ftags&post=41681"}],"curies":[{"name":"wp","href":"https:\/\/api.w.org\/{rel}","templated":true}]}}