{"id":41761,"date":"2026-02-02T00:26:19","date_gmt":"2026-02-02T05:26:19","guid":{"rendered":"https:\/\/www.boyacaleinforma.com\/?p=41761"},"modified":"2026-02-02T00:34:22","modified_gmt":"2026-02-02T05:34:22","slug":"en-la-lupa-el-concejo-de-chiquinquira-investigan-a-concejal-por-posible-doble-cargo","status":"publish","type":"post","link":"https:\/\/www.boyacaleinforma.com\/?p=41761","title":{"rendered":"En la lupa el Concejo de Chiquinquir\u00e1: investigan a concejal por posible doble cargo"},"content":{"rendered":"\n<p>La Procuradur\u00eda General de la Naci\u00f3n abri\u00f3 indagaci\u00f3n previa contra el concejal de Chiquinquir\u00e1, Boyac\u00e1, Germ\u00e1n P\u00e1ez Arenas, por una presunta vulneraci\u00f3n al r\u00e9gimen de inhabilidades e incompatibilidades. El proceso busca establecer si el cabildante ejerc\u00eda simult\u00e1neamente su cargo p\u00fablico y un puesto en la junta directiva del frigor\u00edfico municipal.<br><br>Seg\u00fan el Ministerio P\u00fablico, tambi\u00e9n se investiga si el concejal habr\u00eda recibido un salario mensual por esas funciones, situaci\u00f3n que, de confirmarse, podr\u00eda constituir una falta disciplinaria.<br><br>Para esclarecer los hechos denunciados en 2025, la Procuradur\u00eda ya solicit\u00f3 las pruebas necesarias y mantiene el caso bajo revisi\u00f3n preliminar.<\/p>\n","protected":false},"excerpt":{"rendered":"<p>La Procuradur\u00eda General de la Naci\u00f3n abri\u00f3 indagaci\u00f3n previa contra el concejal de Chiquinquir\u00e1, Boyac\u00e1, Germ\u00e1n P\u00e1ez Arenas,<\/p>\n","protected":false},"author":1,"featured_media":41754,"comment_status":"open","ping_status":"open","sticky":false,"template":"","format":"standard","meta":{"om_disable_all_campaigns":false,"_monsterinsights_skip_tracking":false,"_monsterinsights_sitenote_active":false,"_monsterinsights_sitenote_note":"","_monsterinsights_sitenote_category":0,"footnotes":""},"categories":[8],"tags":[10],"class_list":["post-41761","post","type-post","status-publish","format-standard","has-post-thumbnail","hentry","category-judicial","tag-noticias"],"aioseo_notices":[],"_links":{"self":[{"href":"https:\/\/www.boyacaleinforma.com\/index.php?rest_route=\/wp\/v2\/posts\/41761","targetHints":{"allow":["GET"]}}],"collection":[{"href":"https:\/\/www.boyacaleinforma.com\/index.php?rest_route=\/wp\/v2\/posts"}],"about":[{"href":"https:\/\/www.boyacaleinforma.com\/index.php?rest_route=\/wp\/v2\/types\/post"}],"author":[{"embeddable":true,"href":"https:\/\/www.boyacaleinforma.com\/index.php?rest_route=\/wp\/v2\/users\/1"}],"replies":[{"embeddable":true,"href":"https:\/\/www.boyacaleinforma.com\/index.php?rest_route=%2Fwp%2Fv2%2Fcomments&post=41761"}],"version-history":[{"count":0,"href":"https:\/\/www.boyacaleinforma.com\/index.php?rest_route=\/wp\/v2\/posts\/41761\/revisions"}],"wp:featuredmedia":[{"embeddable":true,"href":"https:\/\/www.boyacaleinforma.com\/index.php?rest_route=\/wp\/v2\/media\/41754"}],"wp:attachment":[{"href":"https:\/\/www.boyacaleinforma.com\/index.php?rest_route=%2Fwp%2Fv2%2Fmedia&parent=41761"}],"wp:term":[{"taxonomy":"category","embeddable":true,"href":"https:\/\/www.boyacaleinforma.com\/index.php?rest_route=%2Fwp%2Fv2%2Fcategories&post=41761"},{"taxonomy":"post_tag","embeddable":true,"href":"https:\/\/www.boyacaleinforma.com\/index.php?rest_route=%2Fwp%2Fv2%2Ftags&post=41761"}],"curies":[{"name":"wp","href":"https:\/\/api.w.org\/{rel}","templated":true}]}}