{"id":41813,"date":"2026-02-02T22:02:14","date_gmt":"2026-02-03T03:02:14","guid":{"rendered":"https:\/\/www.boyacaleinforma.com\/?p=41813"},"modified":"2026-02-02T22:04:16","modified_gmt":"2026-02-03T03:04:16","slug":"justicia-y-paz-condena-a-exjefes-del-bloque-oriental-de-las-farc-por-crimenes-en-boyaca-y-meta","status":"publish","type":"post","link":"https:\/\/www.boyacaleinforma.com\/?p=41813","title":{"rendered":"Justicia y Paz condena a exjefes del Bloque Oriental de las Farc por cr\u00edmenes en Boyac\u00e1 y Meta"},"content":{"rendered":"\n<p>La Sala de Justicia y Paz del Tribunal Superior de Bogot\u00e1 conden\u00f3 a cinco exintegrantes del Bloque Oriental de las extintas Farc EP por su responsabilidad en secuestros, homicidios, desplazamientos forzados y otros delitos cometidos entre 1995 y 2005.<br><br>Entre los sentenciados figuran Efra\u00edn Qui\u00f1ones Barreiro, exjefe de una estructura armada, y otros cuatro exguerrilleros, quienes aceptaron cargos dentro del proceso de la Ley de Justicia y Paz. A los condenados se les atribuyen 44 hechos criminales que dejaron 165 v\u00edctimas en varias regiones del pa\u00eds, incluido Boyac\u00e1.<br><br>La sentencia incluye casos emblem\u00e1ticos como el secuestro del exalcalde de Chiscas, en 2002, y la retenci\u00f3n de un polic\u00eda nacional en El Espino (Boyac\u00e1). El fallo impuso penas de 40 a\u00f1os de prisi\u00f3n, multa e inhabilidad para ejercer cargos p\u00fablicos, condicionadas al cumplimiento de las obligaciones de verdad, reparaci\u00f3n y no repetici\u00f3n.<\/p>\n","protected":false},"excerpt":{"rendered":"<p>La Sala de Justicia y Paz del Tribunal Superior de Bogot\u00e1 conden\u00f3 a cinco exintegrantes del Bloque Oriental<\/p>\n","protected":false},"author":1,"featured_media":41804,"comment_status":"open","ping_status":"open","sticky":false,"template":"","format":"standard","meta":{"om_disable_all_campaigns":false,"_monsterinsights_skip_tracking":false,"_monsterinsights_sitenote_active":false,"_monsterinsights_sitenote_note":"","_monsterinsights_sitenote_category":0,"footnotes":""},"categories":[8],"tags":[10],"class_list":["post-41813","post","type-post","status-publish","format-standard","has-post-thumbnail","hentry","category-judicial","tag-noticias"],"aioseo_notices":[],"_links":{"self":[{"href":"https:\/\/www.boyacaleinforma.com\/index.php?rest_route=\/wp\/v2\/posts\/41813","targetHints":{"allow":["GET"]}}],"collection":[{"href":"https:\/\/www.boyacaleinforma.com\/index.php?rest_route=\/wp\/v2\/posts"}],"about":[{"href":"https:\/\/www.boyacaleinforma.com\/index.php?rest_route=\/wp\/v2\/types\/post"}],"author":[{"embeddable":true,"href":"https:\/\/www.boyacaleinforma.com\/index.php?rest_route=\/wp\/v2\/users\/1"}],"replies":[{"embeddable":true,"href":"https:\/\/www.boyacaleinforma.com\/index.php?rest_route=%2Fwp%2Fv2%2Fcomments&post=41813"}],"version-history":[{"count":0,"href":"https:\/\/www.boyacaleinforma.com\/index.php?rest_route=\/wp\/v2\/posts\/41813\/revisions"}],"wp:featuredmedia":[{"embeddable":true,"href":"https:\/\/www.boyacaleinforma.com\/index.php?rest_route=\/wp\/v2\/media\/41804"}],"wp:attachment":[{"href":"https:\/\/www.boyacaleinforma.com\/index.php?rest_route=%2Fwp%2Fv2%2Fmedia&parent=41813"}],"wp:term":[{"taxonomy":"category","embeddable":true,"href":"https:\/\/www.boyacaleinforma.com\/index.php?rest_route=%2Fwp%2Fv2%2Fcategories&post=41813"},{"taxonomy":"post_tag","embeddable":true,"href":"https:\/\/www.boyacaleinforma.com\/index.php?rest_route=%2Fwp%2Fv2%2Ftags&post=41813"}],"curies":[{"name":"wp","href":"https:\/\/api.w.org\/{rel}","templated":true}]}}