{"id":41913,"date":"2026-02-05T22:59:37","date_gmt":"2026-02-06T03:59:37","guid":{"rendered":"https:\/\/www.boyacaleinforma.com\/?p=41913"},"modified":"2026-02-05T22:59:42","modified_gmt":"2026-02-06T03:59:42","slug":"apoyo-a-paratebueno-y-medina-en-santa-maria","status":"publish","type":"post","link":"https:\/\/www.boyacaleinforma.com\/?p=41913","title":{"rendered":"Apoyo a Paratebueno y Medina en Santa Mar\u00eda"},"content":{"rendered":"\n<p>La Administraci\u00f3n Municipal de Santa Mar\u00eda, Boyac\u00e1, en cabeza del alcalde Rub\u00e9n Dar\u00edo Gonz\u00e1lez, extiende su m\u00e1s profundo y sincero agradecimiento a cada uno de los ciudadanos que atendieron con generosidad el llamado a la solidaridad.<\/p>\n\n\n\n<p>Durante junio pasado, la comunidad demostr\u00f3 que cuando se unen, pueden llevar esperanza a quienes m\u00e1s lo necesitan. Gracias a ustedes, se logr\u00f3 recolectar una importante cantidad de productos esenciales que fueron entregados a las familias afectadas por el reciente sismo en Paratebueno y Medina, Cundinamarca.<\/p>\n","protected":false},"excerpt":{"rendered":"<p>La Administraci\u00f3n Municipal de Santa Mar\u00eda, Boyac\u00e1, en cabeza del alcalde Rub\u00e9n Dar\u00edo Gonz\u00e1lez, extiende su m\u00e1s profundo<\/p>\n","protected":false},"author":1,"featured_media":41900,"comment_status":"open","ping_status":"open","sticky":false,"template":"","format":"standard","meta":{"om_disable_all_campaigns":false,"_monsterinsights_skip_tracking":false,"_monsterinsights_sitenote_active":false,"_monsterinsights_sitenote_note":"","_monsterinsights_sitenote_category":0,"footnotes":""},"categories":[1],"tags":[],"class_list":["post-41913","post","type-post","status-publish","format-standard","has-post-thumbnail","hentry","category-uncategorized"],"aioseo_notices":[],"_links":{"self":[{"href":"https:\/\/www.boyacaleinforma.com\/index.php?rest_route=\/wp\/v2\/posts\/41913","targetHints":{"allow":["GET"]}}],"collection":[{"href":"https:\/\/www.boyacaleinforma.com\/index.php?rest_route=\/wp\/v2\/posts"}],"about":[{"href":"https:\/\/www.boyacaleinforma.com\/index.php?rest_route=\/wp\/v2\/types\/post"}],"author":[{"embeddable":true,"href":"https:\/\/www.boyacaleinforma.com\/index.php?rest_route=\/wp\/v2\/users\/1"}],"replies":[{"embeddable":true,"href":"https:\/\/www.boyacaleinforma.com\/index.php?rest_route=%2Fwp%2Fv2%2Fcomments&post=41913"}],"version-history":[{"count":0,"href":"https:\/\/www.boyacaleinforma.com\/index.php?rest_route=\/wp\/v2\/posts\/41913\/revisions"}],"wp:featuredmedia":[{"embeddable":true,"href":"https:\/\/www.boyacaleinforma.com\/index.php?rest_route=\/wp\/v2\/media\/41900"}],"wp:attachment":[{"href":"https:\/\/www.boyacaleinforma.com\/index.php?rest_route=%2Fwp%2Fv2%2Fmedia&parent=41913"}],"wp:term":[{"taxonomy":"category","embeddable":true,"href":"https:\/\/www.boyacaleinforma.com\/index.php?rest_route=%2Fwp%2Fv2%2Fcategories&post=41913"},{"taxonomy":"post_tag","embeddable":true,"href":"https:\/\/www.boyacaleinforma.com\/index.php?rest_route=%2Fwp%2Fv2%2Ftags&post=41913"}],"curies":[{"name":"wp","href":"https:\/\/api.w.org\/{rel}","templated":true}]}}