{"id":41915,"date":"2026-02-05T23:00:29","date_gmt":"2026-02-06T04:00:29","guid":{"rendered":"https:\/\/www.boyacaleinforma.com\/?p=41915"},"modified":"2026-02-05T23:00:34","modified_gmt":"2026-02-06T04:00:34","slug":"unidos-por-el-desarrollo-de-las-veredas-de-sativanorte","status":"publish","type":"post","link":"https:\/\/www.boyacaleinforma.com\/?p=41915","title":{"rendered":"Unidos por el desarrollo de las veredas de Sativanorte"},"content":{"rendered":"\n<p>La Administraci\u00f3n Municipal de Sativanorte, en coordinaci\u00f3n con las Juntas de Acci\u00f3n Comunal de Toasag\u00fce y Bat\u00e1n, desarroll\u00f3 una significativa jornada de trabajo comunitario en el tramo de la placa huella que conecta ambas veredas.<\/p>\n\n\n\n<p>Expresan su agradecimiento a toda la comunidad que, con compromiso y esfuerzo, se sum\u00f3 a este importante convite. De igual manera, extienden un especial reconocimiento al coordinador de las Juntas de Acci\u00f3n Comunal por su liderazgo y apoyo en esta actividad que fortalece el tejido social y promueve el desarrollo de las veredas.<\/p>\n","protected":false},"excerpt":{"rendered":"<p>La Administraci\u00f3n Municipal de Sativanorte, en coordinaci\u00f3n con las Juntas de Acci\u00f3n Comunal de Toasag\u00fce y Bat\u00e1n, desarroll\u00f3<\/p>\n","protected":false},"author":1,"featured_media":41903,"comment_status":"open","ping_status":"open","sticky":false,"template":"","format":"standard","meta":{"om_disable_all_campaigns":false,"_monsterinsights_skip_tracking":false,"_monsterinsights_sitenote_active":false,"_monsterinsights_sitenote_note":"","_monsterinsights_sitenote_category":0,"footnotes":""},"categories":[1],"tags":[],"class_list":["post-41915","post","type-post","status-publish","format-standard","has-post-thumbnail","hentry","category-uncategorized"],"aioseo_notices":[],"_links":{"self":[{"href":"https:\/\/www.boyacaleinforma.com\/index.php?rest_route=\/wp\/v2\/posts\/41915","targetHints":{"allow":["GET"]}}],"collection":[{"href":"https:\/\/www.boyacaleinforma.com\/index.php?rest_route=\/wp\/v2\/posts"}],"about":[{"href":"https:\/\/www.boyacaleinforma.com\/index.php?rest_route=\/wp\/v2\/types\/post"}],"author":[{"embeddable":true,"href":"https:\/\/www.boyacaleinforma.com\/index.php?rest_route=\/wp\/v2\/users\/1"}],"replies":[{"embeddable":true,"href":"https:\/\/www.boyacaleinforma.com\/index.php?rest_route=%2Fwp%2Fv2%2Fcomments&post=41915"}],"version-history":[{"count":0,"href":"https:\/\/www.boyacaleinforma.com\/index.php?rest_route=\/wp\/v2\/posts\/41915\/revisions"}],"wp:featuredmedia":[{"embeddable":true,"href":"https:\/\/www.boyacaleinforma.com\/index.php?rest_route=\/wp\/v2\/media\/41903"}],"wp:attachment":[{"href":"https:\/\/www.boyacaleinforma.com\/index.php?rest_route=%2Fwp%2Fv2%2Fmedia&parent=41915"}],"wp:term":[{"taxonomy":"category","embeddable":true,"href":"https:\/\/www.boyacaleinforma.com\/index.php?rest_route=%2Fwp%2Fv2%2Fcategories&post=41915"},{"taxonomy":"post_tag","embeddable":true,"href":"https:\/\/www.boyacaleinforma.com\/index.php?rest_route=%2Fwp%2Fv2%2Ftags&post=41915"}],"curies":[{"name":"wp","href":"https:\/\/api.w.org\/{rel}","templated":true}]}}