{"id":41920,"date":"2026-02-09T05:27:34","date_gmt":"2026-02-09T10:27:34","guid":{"rendered":"https:\/\/www.boyacaleinforma.com\/?p=41920"},"modified":"2026-02-09T05:27:40","modified_gmt":"2026-02-09T10:27:40","slug":"juntos-y-juntas-previenen-la-violencia-de-genero-en-paya","status":"publish","type":"post","link":"https:\/\/www.boyacaleinforma.com\/?p=41920","title":{"rendered":"Juntos y juntas previenen la violencia de g\u00e9nero en Paya"},"content":{"rendered":"\n<p>Desde la Administraci\u00f3n Municipal de Paya, el Equipo Interdisciplinario y la Comisar\u00eda de Familia, los invitan a informarse, reflexionar y actuar frente a las violencias. Aqu\u00ed comparten informaci\u00f3n clave que todos y todas debemos conocer:<\/p>\n\n\n\n<p>Qu\u00e9 es la Violencia de G\u00e9nero?<\/p>\n\n\n\n<p>Es cualquier acto que cause da\u00f1o f\u00edsico, psicol\u00f3gico, sexual o econ\u00f3mico a una persona por el hecho de ser mujer. Puede incluir agresiones, amenazas, humillaciones, control o limitaciones, y puede ocurrir en el hogar, la escuela, el trabajo o en espacios p\u00fablicos.<\/p>\n","protected":false},"excerpt":{"rendered":"<p>Desde la Administraci\u00f3n Municipal de Paya, el Equipo Interdisciplinario y la Comisar\u00eda de Familia, los invitan a informarse,<\/p>\n","protected":false},"author":1,"featured_media":41923,"comment_status":"open","ping_status":"open","sticky":false,"template":"","format":"standard","meta":{"om_disable_all_campaigns":false,"_monsterinsights_skip_tracking":false,"_monsterinsights_sitenote_active":false,"_monsterinsights_sitenote_note":"","_monsterinsights_sitenote_category":0,"footnotes":""},"categories":[1],"tags":[],"class_list":["post-41920","post","type-post","status-publish","format-standard","has-post-thumbnail","hentry","category-uncategorized"],"aioseo_notices":[],"_links":{"self":[{"href":"https:\/\/www.boyacaleinforma.com\/index.php?rest_route=\/wp\/v2\/posts\/41920","targetHints":{"allow":["GET"]}}],"collection":[{"href":"https:\/\/www.boyacaleinforma.com\/index.php?rest_route=\/wp\/v2\/posts"}],"about":[{"href":"https:\/\/www.boyacaleinforma.com\/index.php?rest_route=\/wp\/v2\/types\/post"}],"author":[{"embeddable":true,"href":"https:\/\/www.boyacaleinforma.com\/index.php?rest_route=\/wp\/v2\/users\/1"}],"replies":[{"embeddable":true,"href":"https:\/\/www.boyacaleinforma.com\/index.php?rest_route=%2Fwp%2Fv2%2Fcomments&post=41920"}],"version-history":[{"count":0,"href":"https:\/\/www.boyacaleinforma.com\/index.php?rest_route=\/wp\/v2\/posts\/41920\/revisions"}],"wp:featuredmedia":[{"embeddable":true,"href":"https:\/\/www.boyacaleinforma.com\/index.php?rest_route=\/wp\/v2\/media\/41923"}],"wp:attachment":[{"href":"https:\/\/www.boyacaleinforma.com\/index.php?rest_route=%2Fwp%2Fv2%2Fmedia&parent=41920"}],"wp:term":[{"taxonomy":"category","embeddable":true,"href":"https:\/\/www.boyacaleinforma.com\/index.php?rest_route=%2Fwp%2Fv2%2Fcategories&post=41920"},{"taxonomy":"post_tag","embeddable":true,"href":"https:\/\/www.boyacaleinforma.com\/index.php?rest_route=%2Fwp%2Fv2%2Ftags&post=41920"}],"curies":[{"name":"wp","href":"https:\/\/api.w.org\/{rel}","templated":true}]}}