{"id":41987,"date":"2026-02-10T21:07:15","date_gmt":"2026-02-11T02:07:15","guid":{"rendered":"https:\/\/www.boyacaleinforma.com\/?p=41987"},"modified":"2026-02-10T21:07:21","modified_gmt":"2026-02-11T02:07:21","slug":"gran-exito-en-el-2-o-concurso-de-fotografia-captura-la-belleza-de-paya","status":"publish","type":"post","link":"https:\/\/www.boyacaleinforma.com\/?p=41987","title":{"rendered":"Gran \u00e9xito en el 2.\u00ba concurso de fotograf\u00eda \u201cCaptura la belleza de Paya\u201d"},"content":{"rendered":"\n<p>La Administraci\u00f3n Municipal de Paya, en coordinaci\u00f3n con la Oficina de Cultura, Turismo y Juventudes, llev\u00f3 a cabo con gran \u00e9xito el 2do Concurso de Fotograf\u00eda \u201cCaptura la belleza de nuestro municipio\u201d<\/p>\n\n\n\n<p>Felicitaciones a los ganadores de esta edici\u00f3n:<\/p>\n\n\n\n<p>1er puesto: Alejandro Ernesto P\u00e9rez Rivera con 575 likes<\/p>\n\n\n\n<p>2do puesto: Sergio Arbey P\u00e9rez Rivera con 530 likes<\/p>\n\n\n\n<p>3er puesto: David Alejandro Vargas Garc\u00eda con 512 likes<\/p>\n\n\n\n<p>Agradecimiento especial a todas las personas participantes por su valioso aporte, por resaltar a trav\u00e9s de sus lentes la riqueza de la fauna, flora, paisajes y sitios tur\u00edsticos, y por contribuir a enaltecer el patrimonio natural y cultural del municipio de Paya.<\/p>\n","protected":false},"excerpt":{"rendered":"<p>La Administraci\u00f3n Municipal de Paya, en coordinaci\u00f3n con la Oficina de Cultura, Turismo y Juventudes, llev\u00f3 a cabo<\/p>\n","protected":false},"author":1,"featured_media":41988,"comment_status":"open","ping_status":"open","sticky":false,"template":"","format":"standard","meta":{"om_disable_all_campaigns":false,"_monsterinsights_skip_tracking":false,"_monsterinsights_sitenote_active":false,"_monsterinsights_sitenote_note":"","_monsterinsights_sitenote_category":0,"footnotes":""},"categories":[1],"tags":[],"class_list":["post-41987","post","type-post","status-publish","format-standard","has-post-thumbnail","hentry","category-uncategorized"],"aioseo_notices":[],"_links":{"self":[{"href":"https:\/\/www.boyacaleinforma.com\/index.php?rest_route=\/wp\/v2\/posts\/41987","targetHints":{"allow":["GET"]}}],"collection":[{"href":"https:\/\/www.boyacaleinforma.com\/index.php?rest_route=\/wp\/v2\/posts"}],"about":[{"href":"https:\/\/www.boyacaleinforma.com\/index.php?rest_route=\/wp\/v2\/types\/post"}],"author":[{"embeddable":true,"href":"https:\/\/www.boyacaleinforma.com\/index.php?rest_route=\/wp\/v2\/users\/1"}],"replies":[{"embeddable":true,"href":"https:\/\/www.boyacaleinforma.com\/index.php?rest_route=%2Fwp%2Fv2%2Fcomments&post=41987"}],"version-history":[{"count":0,"href":"https:\/\/www.boyacaleinforma.com\/index.php?rest_route=\/wp\/v2\/posts\/41987\/revisions"}],"wp:featuredmedia":[{"embeddable":true,"href":"https:\/\/www.boyacaleinforma.com\/index.php?rest_route=\/wp\/v2\/media\/41988"}],"wp:attachment":[{"href":"https:\/\/www.boyacaleinforma.com\/index.php?rest_route=%2Fwp%2Fv2%2Fmedia&parent=41987"}],"wp:term":[{"taxonomy":"category","embeddable":true,"href":"https:\/\/www.boyacaleinforma.com\/index.php?rest_route=%2Fwp%2Fv2%2Fcategories&post=41987"},{"taxonomy":"post_tag","embeddable":true,"href":"https:\/\/www.boyacaleinforma.com\/index.php?rest_route=%2Fwp%2Fv2%2Ftags&post=41987"}],"curies":[{"name":"wp","href":"https:\/\/api.w.org\/{rel}","templated":true}]}}