{"id":42218,"date":"2026-02-19T06:47:56","date_gmt":"2026-02-19T11:47:56","guid":{"rendered":"https:\/\/www.boyacaleinforma.com\/?p=42218"},"modified":"2026-02-19T06:50:32","modified_gmt":"2026-02-19T11:50:32","slug":"captura-en-belalcazar-y-despliegue-de-seguridad-marcan-la-agenda-policial-en-tunja","status":"publish","type":"post","link":"https:\/\/www.boyacaleinforma.com\/?p=42218","title":{"rendered":"Captura en Belalc\u00e1zar y despliegue de seguridad marcan la agenda policial en Tunja"},"content":{"rendered":"\n<p>La Polic\u00eda Metropolitana de Tunja report\u00f3 la captura en flagrancia de un hombre en el barrio Belalc\u00e1zar, se\u00f1alado por el delito de tr\u00e1fico, fabricaci\u00f3n o porte de estupefacientes. El procedimiento se realiz\u00f3 en medio de operativos de control y el detenido fue dejado a disposici\u00f3n de la Fiscal\u00eda General de la Naci\u00f3n para su judicializaci\u00f3n.<br><br>De manera paralela, uniformados del grupo de Protecci\u00f3n y Turismo intensificaron la presencia institucional en los alrededores de centros religiosos de la capital boyacense, acompa\u00f1ando a residentes y visitantes con el fin de garantizar la seguridad y la convivencia ciudadana.<br><br>En el municipio de Toca, autoridades locales y la Polic\u00eda adelantaron una reuni\u00f3n de planeaci\u00f3n del Plan Democracia, definiendo acciones de control y vigilancia de cara a la pr\u00f3xima jornada electoral. Los compromisos buscan reforzar la seguridad antes, durante y despu\u00e9s de los comicios.<br><br>La estrategia comunitaria \u201cJuegos de Mi Barrio\u201d tambi\u00e9n contin\u00faa su recorrido por la ciudad. En el multiparque Centenario, ni\u00f1os y adultos participaron en actividades recreativas tradicionales, en una jornada orientada a fortalecer la integraci\u00f3n social y la prevenci\u00f3n del delito a trav\u00e9s del trabajo cercano con la comunidad.<\/p>\n","protected":false},"excerpt":{"rendered":"<p>La Polic\u00eda Metropolitana de Tunja report\u00f3 la captura en flagrancia de un hombre en el barrio Belalc\u00e1zar, se\u00f1alado<\/p>\n","protected":false},"author":1,"featured_media":42210,"comment_status":"open","ping_status":"open","sticky":false,"template":"","format":"standard","meta":{"om_disable_all_campaigns":false,"_monsterinsights_skip_tracking":false,"_monsterinsights_sitenote_active":false,"_monsterinsights_sitenote_note":"","_monsterinsights_sitenote_category":0,"footnotes":""},"categories":[6],"tags":[10],"class_list":["post-42218","post","type-post","status-publish","format-standard","has-post-thumbnail","hentry","category-tunja","tag-noticias"],"aioseo_notices":[],"_links":{"self":[{"href":"https:\/\/www.boyacaleinforma.com\/index.php?rest_route=\/wp\/v2\/posts\/42218","targetHints":{"allow":["GET"]}}],"collection":[{"href":"https:\/\/www.boyacaleinforma.com\/index.php?rest_route=\/wp\/v2\/posts"}],"about":[{"href":"https:\/\/www.boyacaleinforma.com\/index.php?rest_route=\/wp\/v2\/types\/post"}],"author":[{"embeddable":true,"href":"https:\/\/www.boyacaleinforma.com\/index.php?rest_route=\/wp\/v2\/users\/1"}],"replies":[{"embeddable":true,"href":"https:\/\/www.boyacaleinforma.com\/index.php?rest_route=%2Fwp%2Fv2%2Fcomments&post=42218"}],"version-history":[{"count":0,"href":"https:\/\/www.boyacaleinforma.com\/index.php?rest_route=\/wp\/v2\/posts\/42218\/revisions"}],"wp:featuredmedia":[{"embeddable":true,"href":"https:\/\/www.boyacaleinforma.com\/index.php?rest_route=\/wp\/v2\/media\/42210"}],"wp:attachment":[{"href":"https:\/\/www.boyacaleinforma.com\/index.php?rest_route=%2Fwp%2Fv2%2Fmedia&parent=42218"}],"wp:term":[{"taxonomy":"category","embeddable":true,"href":"https:\/\/www.boyacaleinforma.com\/index.php?rest_route=%2Fwp%2Fv2%2Fcategories&post=42218"},{"taxonomy":"post_tag","embeddable":true,"href":"https:\/\/www.boyacaleinforma.com\/index.php?rest_route=%2Fwp%2Fv2%2Ftags&post=42218"}],"curies":[{"name":"wp","href":"https:\/\/api.w.org\/{rel}","templated":true}]}}