{"id":42223,"date":"2026-02-20T07:18:58","date_gmt":"2026-02-20T12:18:58","guid":{"rendered":"https:\/\/www.boyacaleinforma.com\/?p=42223"},"modified":"2026-02-20T07:32:54","modified_gmt":"2026-02-20T12:32:54","slug":"incautan-helicoptero-vinculado-al-narcotrafico-en-cundinamarca-durante-operativo-interinstitucional","status":"publish","type":"post","link":"https:\/\/www.boyacaleinforma.com\/?p=42223","title":{"rendered":"Incautan helic\u00f3ptero vinculado al narcotr\u00e1fico en Cundinamarca durante operativo interinstitucional"},"content":{"rendered":"\n<p>En una operaci\u00f3n conjunta del Ej\u00e9rcito Nacional, la Fuerza Aeroespacial Colombiana y la Fiscal\u00eda General de la Naci\u00f3n, fue incautado un helic\u00f3ptero tipo Hughes 500 (Huey 500) junto con un motor aeron\u00e1utico, tras tres diligencias de allanamiento realizadas en Funza y Cota, en Cundinamarca, y en el aer\u00f3dromo de Guaymaral, en Bogot\u00e1, D.C.<br><br>De acuerdo con las autoridades, la aeronave, presuntamente utilizada por estructuras al servicio del narcotr\u00e1fico, ya hab\u00eda sido confiscada por la Polic\u00eda Nacional en 1992 y actualmente registra dos denuncias vigentes por hurto y falsedad marcaria. Durante una inspecci\u00f3n t\u00e9cnica especializada, peritos aeron\u00e1uticos determinaron que los remaches de la plaqueta de identificaci\u00f3n no corresponder\u00edan a los originales de f\u00e1brica, lo que podr\u00eda configurar delitos relacionados con adulteraci\u00f3n de identificaci\u00f3n aeron\u00e1utica.<br><br>Las autoridades dejaron la aeronave a disposici\u00f3n de la Fiscal\u00eda General de la Naci\u00f3n para que se adelante un estudio detallado de su trazabilidad, autenticidad estructural y situaci\u00f3n legal en los registros aeron\u00e1uticos. Seg\u00fan el Ej\u00e9rcito, este tipo de operaciones buscan \u201cafectar las econom\u00edas il\u00edcitas de las estructuras criminales que delinquen en el centro del pa\u00eds\u201d.<\/p>\n","protected":false},"excerpt":{"rendered":"<p>En una operaci\u00f3n conjunta del Ej\u00e9rcito Nacional, la Fuerza Aeroespacial Colombiana y la Fiscal\u00eda General de la Naci\u00f3n,<\/p>\n","protected":false},"author":1,"featured_media":42226,"comment_status":"open","ping_status":"open","sticky":false,"template":"","format":"standard","meta":{"om_disable_all_campaigns":false,"_monsterinsights_skip_tracking":false,"_monsterinsights_sitenote_active":false,"_monsterinsights_sitenote_note":"","_monsterinsights_sitenote_category":0,"footnotes":""},"categories":[9],"tags":[10],"class_list":["post-42223","post","type-post","status-publish","format-standard","has-post-thumbnail","hentry","category-colombia","tag-noticias"],"aioseo_notices":[],"_links":{"self":[{"href":"https:\/\/www.boyacaleinforma.com\/index.php?rest_route=\/wp\/v2\/posts\/42223","targetHints":{"allow":["GET"]}}],"collection":[{"href":"https:\/\/www.boyacaleinforma.com\/index.php?rest_route=\/wp\/v2\/posts"}],"about":[{"href":"https:\/\/www.boyacaleinforma.com\/index.php?rest_route=\/wp\/v2\/types\/post"}],"author":[{"embeddable":true,"href":"https:\/\/www.boyacaleinforma.com\/index.php?rest_route=\/wp\/v2\/users\/1"}],"replies":[{"embeddable":true,"href":"https:\/\/www.boyacaleinforma.com\/index.php?rest_route=%2Fwp%2Fv2%2Fcomments&post=42223"}],"version-history":[{"count":0,"href":"https:\/\/www.boyacaleinforma.com\/index.php?rest_route=\/wp\/v2\/posts\/42223\/revisions"}],"wp:featuredmedia":[{"embeddable":true,"href":"https:\/\/www.boyacaleinforma.com\/index.php?rest_route=\/wp\/v2\/media\/42226"}],"wp:attachment":[{"href":"https:\/\/www.boyacaleinforma.com\/index.php?rest_route=%2Fwp%2Fv2%2Fmedia&parent=42223"}],"wp:term":[{"taxonomy":"category","embeddable":true,"href":"https:\/\/www.boyacaleinforma.com\/index.php?rest_route=%2Fwp%2Fv2%2Fcategories&post=42223"},{"taxonomy":"post_tag","embeddable":true,"href":"https:\/\/www.boyacaleinforma.com\/index.php?rest_route=%2Fwp%2Fv2%2Ftags&post=42223"}],"curies":[{"name":"wp","href":"https:\/\/api.w.org\/{rel}","templated":true}]}}