{"id":42252,"date":"2026-02-20T07:29:45","date_gmt":"2026-02-20T12:29:45","guid":{"rendered":"https:\/\/www.boyacaleinforma.com\/?p=42252"},"modified":"2026-02-20T07:29:53","modified_gmt":"2026-02-20T12:29:53","slug":"jornada-de-capacitacion-tecnologica-en-briceno","status":"publish","type":"post","link":"https:\/\/www.boyacaleinforma.com\/?p=42252","title":{"rendered":"Jornada de capacitaci\u00f3n tecnol\u00f3gica en Brice\u00f1o"},"content":{"rendered":"\n<p>La C\u00e1mara de Comercio de Tunja en articulaci\u00f3n con la Administraci\u00f3n Municipal de Brice\u00f1o llev\u00f3 a cabo jornada de Alfabetizaci\u00f3n Tecnol\u00f3gica.<\/p>\n\n\n\n<p>En esta oportunidad se brind\u00f3 informaci\u00f3n relacionada con:<\/p>\n\n\n\n<p>Creaci\u00f3n y\/o recuperaci\u00f3n de cuentas de correo electr\u00f3nico<\/p>\n\n\n\n<p>Manejo b\u00e1sico de Word y Excel<\/p>\n\n\n\n<p>Conversi\u00f3n de Word a PDF<\/p>\n\n\n\n<p>Creaci\u00f3n y administraci\u00f3n de archivos en DRIVE<\/p>\n\n\n\n<p>Uso de plataformas<\/p>\n\n\n\n<p>Una jornada de mucho provecho por parte de los asistentes, quienes tuvieron el espacio de interactuar y despejar dudas para el fortalecimiento del conocimiento.<\/p>\n\n\n\n<p><\/p>\n","protected":false},"excerpt":{"rendered":"<p>La C\u00e1mara de Comercio de Tunja en articulaci\u00f3n con la Administraci\u00f3n Municipal de Brice\u00f1o llev\u00f3 a cabo jornada<\/p>\n","protected":false},"author":1,"featured_media":42241,"comment_status":"open","ping_status":"open","sticky":false,"template":"","format":"standard","meta":{"om_disable_all_campaigns":false,"_monsterinsights_skip_tracking":false,"_monsterinsights_sitenote_active":false,"_monsterinsights_sitenote_note":"","_monsterinsights_sitenote_category":0,"footnotes":""},"categories":[1],"tags":[],"class_list":["post-42252","post","type-post","status-publish","format-standard","has-post-thumbnail","hentry","category-uncategorized"],"aioseo_notices":[],"_links":{"self":[{"href":"https:\/\/www.boyacaleinforma.com\/index.php?rest_route=\/wp\/v2\/posts\/42252","targetHints":{"allow":["GET"]}}],"collection":[{"href":"https:\/\/www.boyacaleinforma.com\/index.php?rest_route=\/wp\/v2\/posts"}],"about":[{"href":"https:\/\/www.boyacaleinforma.com\/index.php?rest_route=\/wp\/v2\/types\/post"}],"author":[{"embeddable":true,"href":"https:\/\/www.boyacaleinforma.com\/index.php?rest_route=\/wp\/v2\/users\/1"}],"replies":[{"embeddable":true,"href":"https:\/\/www.boyacaleinforma.com\/index.php?rest_route=%2Fwp%2Fv2%2Fcomments&post=42252"}],"version-history":[{"count":0,"href":"https:\/\/www.boyacaleinforma.com\/index.php?rest_route=\/wp\/v2\/posts\/42252\/revisions"}],"wp:featuredmedia":[{"embeddable":true,"href":"https:\/\/www.boyacaleinforma.com\/index.php?rest_route=\/wp\/v2\/media\/42241"}],"wp:attachment":[{"href":"https:\/\/www.boyacaleinforma.com\/index.php?rest_route=%2Fwp%2Fv2%2Fmedia&parent=42252"}],"wp:term":[{"taxonomy":"category","embeddable":true,"href":"https:\/\/www.boyacaleinforma.com\/index.php?rest_route=%2Fwp%2Fv2%2Fcategories&post=42252"},{"taxonomy":"post_tag","embeddable":true,"href":"https:\/\/www.boyacaleinforma.com\/index.php?rest_route=%2Fwp%2Fv2%2Ftags&post=42252"}],"curies":[{"name":"wp","href":"https:\/\/api.w.org\/{rel}","templated":true}]}}