{"id":42271,"date":"2026-02-22T22:30:35","date_gmt":"2026-02-23T03:30:35","guid":{"rendered":"https:\/\/www.boyacaleinforma.com\/?p=42271"},"modified":"2026-02-22T22:30:41","modified_gmt":"2026-02-23T03:30:41","slug":"buenas-noticias-para-la-comunidad-rural-de-chiquinquira","status":"publish","type":"post","link":"https:\/\/www.boyacaleinforma.com\/?p=42271","title":{"rendered":"Buenas noticias para la comunidad rural de Chiquinquir\u00e1"},"content":{"rendered":"\n<p>Bajo el liderazgo del alcalde Jefferson Caro, se realizaron dos jornadas de socializaci\u00f3n del Proyecto de Gasificaci\u00f3n Rural \u201cFortalecimiento al servicio de gas domiciliario mediante subsidios al derecho de conexi\u00f3n y la red interna para estratos 1 y 2 de Chiquinquir\u00e1\u201d, que beneficiar\u00e1 a 630 hogares de las veredas Sasa, Carapacho, La Mesa, Casablanca, Molino y Resguardo.<\/p>\n\n\n\n<p>En estas jornadas los acompa\u00f1aron Felipe Buitrago, delegado de la Secretar\u00eda de Minas y Energ\u00eda de Boyac\u00e1; la diputada \u00c1ngela \u00c1vila; el diputado Armando Qui\u00f1ones; Danit Torres, de la Transportadora de Gas Internacional (TGI); y el ing. \u00d3scar Huertas, gerente de la operadora Avangas.<\/p>\n\n\n\n<p>Este proyecto cuenta con una inversi\u00f3n cercana a los $3.900 millones, de los cuales el operador Avangas aporta $1.500 millones, la Gobernaci\u00f3n de Boyac\u00e1 $1.127 millones, el Municipio de Chiquinquir\u00e1 $240 millones y la Transportadora de Gas Internacional (TGI) $350 millones.<\/p>\n\n\n\n<p>Gracias a esta gesti\u00f3n, 630 hogares de seis veredas del municipio podr\u00e1n acceder al servicio de gas natural domiciliario, mejorando su calidad de vida y generando desarrollo rural sostenible.<\/p>\n\n\n\n<p>Esta iniciativa es fruto del trabajo articulado entre el municipio, la Gobernaci\u00f3n y el sector privado, reafirmando su compromiso con llevar progreso y bienestar a cada rinc\u00f3n de la zona rural.<\/p>\n","protected":false},"excerpt":{"rendered":"<p>Bajo el liderazgo del alcalde Jefferson Caro, se realizaron dos jornadas de socializaci\u00f3n del Proyecto de Gasificaci\u00f3n Rural<\/p>\n","protected":false},"author":1,"featured_media":42261,"comment_status":"open","ping_status":"open","sticky":false,"template":"","format":"standard","meta":{"om_disable_all_campaigns":false,"_monsterinsights_skip_tracking":false,"_monsterinsights_sitenote_active":false,"_monsterinsights_sitenote_note":"","_monsterinsights_sitenote_category":0,"footnotes":""},"categories":[1],"tags":[],"class_list":["post-42271","post","type-post","status-publish","format-standard","has-post-thumbnail","hentry","category-uncategorized"],"aioseo_notices":[],"_links":{"self":[{"href":"https:\/\/www.boyacaleinforma.com\/index.php?rest_route=\/wp\/v2\/posts\/42271","targetHints":{"allow":["GET"]}}],"collection":[{"href":"https:\/\/www.boyacaleinforma.com\/index.php?rest_route=\/wp\/v2\/posts"}],"about":[{"href":"https:\/\/www.boyacaleinforma.com\/index.php?rest_route=\/wp\/v2\/types\/post"}],"author":[{"embeddable":true,"href":"https:\/\/www.boyacaleinforma.com\/index.php?rest_route=\/wp\/v2\/users\/1"}],"replies":[{"embeddable":true,"href":"https:\/\/www.boyacaleinforma.com\/index.php?rest_route=%2Fwp%2Fv2%2Fcomments&post=42271"}],"version-history":[{"count":0,"href":"https:\/\/www.boyacaleinforma.com\/index.php?rest_route=\/wp\/v2\/posts\/42271\/revisions"}],"wp:featuredmedia":[{"embeddable":true,"href":"https:\/\/www.boyacaleinforma.com\/index.php?rest_route=\/wp\/v2\/media\/42261"}],"wp:attachment":[{"href":"https:\/\/www.boyacaleinforma.com\/index.php?rest_route=%2Fwp%2Fv2%2Fmedia&parent=42271"}],"wp:term":[{"taxonomy":"category","embeddable":true,"href":"https:\/\/www.boyacaleinforma.com\/index.php?rest_route=%2Fwp%2Fv2%2Fcategories&post=42271"},{"taxonomy":"post_tag","embeddable":true,"href":"https:\/\/www.boyacaleinforma.com\/index.php?rest_route=%2Fwp%2Fv2%2Ftags&post=42271"}],"curies":[{"name":"wp","href":"https:\/\/api.w.org\/{rel}","templated":true}]}}