{"id":42336,"date":"2026-02-24T23:07:13","date_gmt":"2026-02-25T04:07:13","guid":{"rendered":"https:\/\/www.boyacaleinforma.com\/?p=42336"},"modified":"2026-02-24T23:07:17","modified_gmt":"2026-02-25T04:07:17","slug":"boavita-fue-epicentro-en-el-foro-educativo-de-la-educacion-en-la-provincia-norte","status":"publish","type":"post","link":"https:\/\/www.boyacaleinforma.com\/?p=42336","title":{"rendered":"Boavita fue epicentro en el foro educativo de la educaci\u00f3n en la provincia Norte"},"content":{"rendered":"\n<p>Vivieron una jornada inolvidable con el Foro Educativo Provincial Norte, un evento que reuni\u00f3 saberes, experiencias y sue\u00f1os por una educaci\u00f3n m\u00e1s incluyente, moderna y con visi\u00f3n de futuro.<\/p>\n\n\n\n<p>Desde la Administraci\u00f3n municipal, liderada por el alcalde Alberto Sandoval Valc\u00e1rcel, junto a la I.E T\u00e9cnica y Acad\u00e9mica Nuestra Se\u00f1ora Del Rosario bajo la rector\u00eda de Sandra Yaneth Paipa Paipa, extienden un agradecimiento a:<\/p>\n\n\n\n<p>Secretar\u00eda de Educaci\u00f3n de Boyac\u00e1, por su valioso acompa\u00f1amiento y respaldo a estos espacios formativos.<\/p>\n\n\n\n<p>Las instituciones educativas IE T\u00e9cnico Agr\u00edcola de Boavita, Instituci\u00f3n Educativa T\u00e9cnico Agr\u00edcola de Boavita-Boyac\u00e1 y participantes, por compartir sus procesos, buenas pr\u00e1cticas y fortalecer este ejercicio pedag\u00f3gico.<\/p>\n\n\n\n<p>Los municipios de Tipacoque, Sativanorte, Susac\u00f3n, San Mateo, Boavita, La Uvita y Covarach\u00eda.<\/p>\n\n\n\n<p>Al personero Milton Daza, polic\u00eda nacional, Polic\u00eda de Infancia y adolescencia y a cada una de las personas que participaron activamente en este gran encuentro.<\/p>\n\n\n\n<p>En este espacio se presentaron proyectos que son ejemplo de transformaci\u00f3n y compromiso, enfocados en:<\/p>\n\n\n\n<p>Educaci\u00f3n ambiental<\/p>\n\n\n\n<p>Nuevas tecnolog\u00edas<\/p>\n\n\n\n<p>Educaci\u00f3n incluyente<\/p>\n\n\n\n<p>Calidad educativa para todos<\/p>\n\n\n\n<p>Con gran orgullo anuncian que cinco proyectos destacados de la provincia fueron seleccionados para representar a la regi\u00f3n en el Foro Educativo Departamental.<\/p>\n","protected":false},"excerpt":{"rendered":"<p>Vivieron una jornada inolvidable con el Foro Educativo Provincial Norte, un evento que reuni\u00f3 saberes, experiencias y sue\u00f1os<\/p>\n","protected":false},"author":1,"featured_media":42327,"comment_status":"open","ping_status":"open","sticky":false,"template":"","format":"standard","meta":{"om_disable_all_campaigns":false,"_monsterinsights_skip_tracking":false,"_monsterinsights_sitenote_active":false,"_monsterinsights_sitenote_note":"","_monsterinsights_sitenote_category":0,"footnotes":""},"categories":[1],"tags":[],"class_list":["post-42336","post","type-post","status-publish","format-standard","has-post-thumbnail","hentry","category-uncategorized"],"aioseo_notices":[],"_links":{"self":[{"href":"https:\/\/www.boyacaleinforma.com\/index.php?rest_route=\/wp\/v2\/posts\/42336","targetHints":{"allow":["GET"]}}],"collection":[{"href":"https:\/\/www.boyacaleinforma.com\/index.php?rest_route=\/wp\/v2\/posts"}],"about":[{"href":"https:\/\/www.boyacaleinforma.com\/index.php?rest_route=\/wp\/v2\/types\/post"}],"author":[{"embeddable":true,"href":"https:\/\/www.boyacaleinforma.com\/index.php?rest_route=\/wp\/v2\/users\/1"}],"replies":[{"embeddable":true,"href":"https:\/\/www.boyacaleinforma.com\/index.php?rest_route=%2Fwp%2Fv2%2Fcomments&post=42336"}],"version-history":[{"count":0,"href":"https:\/\/www.boyacaleinforma.com\/index.php?rest_route=\/wp\/v2\/posts\/42336\/revisions"}],"wp:featuredmedia":[{"embeddable":true,"href":"https:\/\/www.boyacaleinforma.com\/index.php?rest_route=\/wp\/v2\/media\/42327"}],"wp:attachment":[{"href":"https:\/\/www.boyacaleinforma.com\/index.php?rest_route=%2Fwp%2Fv2%2Fmedia&parent=42336"}],"wp:term":[{"taxonomy":"category","embeddable":true,"href":"https:\/\/www.boyacaleinforma.com\/index.php?rest_route=%2Fwp%2Fv2%2Fcategories&post=42336"},{"taxonomy":"post_tag","embeddable":true,"href":"https:\/\/www.boyacaleinforma.com\/index.php?rest_route=%2Fwp%2Fv2%2Ftags&post=42336"}],"curies":[{"name":"wp","href":"https:\/\/api.w.org\/{rel}","templated":true}]}}