{"id":42338,"date":"2026-02-24T23:08:04","date_gmt":"2026-02-25T04:08:04","guid":{"rendered":"https:\/\/www.boyacaleinforma.com\/?p=42338"},"modified":"2026-02-24T23:08:08","modified_gmt":"2026-02-25T04:08:08","slug":"el-alcalde-de-chiquinquira-lidero-sesion-del-consejo-municipal-de-seguridad","status":"publish","type":"post","link":"https:\/\/www.boyacaleinforma.com\/?p=42338","title":{"rendered":"El alcalde de Chiquinquir\u00e1 lider\u00f3 sesi\u00f3n del Consejo Municipal de Seguridad"},"content":{"rendered":"\n<p>En la sesi\u00f3n del Consejo Municipal de Seguridad, liderada por el alcalde Jefferson Caro, reunieron a todas las autoridades: Polic\u00eda Nacional, Ej\u00e9rcito, Fiscal\u00eda, Procuradur\u00eda, INPEC, ICBF, entes de control y dem\u00e1s autoridades, para enfrentar con decisi\u00f3n los hechos de inseguridad que preocupan a la comunidad.<\/p>\n\n\n\n<p>Durante la jornada se analizaron en profundidad las problem\u00e1ticas que vienen afectando la tranquilidad de la ciudadan\u00eda y se trazaron estrategias integrales para reforzar la seguridad, la convivencia y la capacidad de respuesta institucional frente a los hechos delictivos registrados en las \u00faltimas semanas.<\/p>\n\n\n\n<p>Hacen un llamado firme a toda la comunidad chiquinquire\u00f1a a colaborar activamente con las autoridades. Denunciar de manera formal cualquier acto de violencia o inseguridad es clave: solo as\u00ed pueden activarse las investigaciones y lograrse resultados efectivos, como capturas y judicializaciones.<\/p>\n\n\n\n<p>Como parte de los compromisos asumidos, se adelantar\u00e1n operativos conjuntos entre la Polic\u00eda Nacional y el Ej\u00e9rcito, con el objetivo de prevenir, disuadir y combatir la comisi\u00f3n de delitos en diferentes sectores del municipio.<\/p>\n\n\n\n<p>Estos operativos incluir\u00e1n controles en puntos estrat\u00e9gicos, as\u00ed como la verificaci\u00f3n de documentos a veh\u00edculos y personas, todo dentro del marco legal y con pleno respeto por los derechos de los ciudadanos.<\/p>\n","protected":false},"excerpt":{"rendered":"<p>En la sesi\u00f3n del Consejo Municipal de Seguridad, liderada por el alcalde Jefferson Caro, reunieron a todas las<\/p>\n","protected":false},"author":1,"featured_media":42330,"comment_status":"open","ping_status":"open","sticky":false,"template":"","format":"standard","meta":{"om_disable_all_campaigns":false,"_monsterinsights_skip_tracking":false,"_monsterinsights_sitenote_active":false,"_monsterinsights_sitenote_note":"","_monsterinsights_sitenote_category":0,"footnotes":""},"categories":[1],"tags":[],"class_list":["post-42338","post","type-post","status-publish","format-standard","has-post-thumbnail","hentry","category-uncategorized"],"aioseo_notices":[],"_links":{"self":[{"href":"https:\/\/www.boyacaleinforma.com\/index.php?rest_route=\/wp\/v2\/posts\/42338","targetHints":{"allow":["GET"]}}],"collection":[{"href":"https:\/\/www.boyacaleinforma.com\/index.php?rest_route=\/wp\/v2\/posts"}],"about":[{"href":"https:\/\/www.boyacaleinforma.com\/index.php?rest_route=\/wp\/v2\/types\/post"}],"author":[{"embeddable":true,"href":"https:\/\/www.boyacaleinforma.com\/index.php?rest_route=\/wp\/v2\/users\/1"}],"replies":[{"embeddable":true,"href":"https:\/\/www.boyacaleinforma.com\/index.php?rest_route=%2Fwp%2Fv2%2Fcomments&post=42338"}],"version-history":[{"count":0,"href":"https:\/\/www.boyacaleinforma.com\/index.php?rest_route=\/wp\/v2\/posts\/42338\/revisions"}],"wp:featuredmedia":[{"embeddable":true,"href":"https:\/\/www.boyacaleinforma.com\/index.php?rest_route=\/wp\/v2\/media\/42330"}],"wp:attachment":[{"href":"https:\/\/www.boyacaleinforma.com\/index.php?rest_route=%2Fwp%2Fv2%2Fmedia&parent=42338"}],"wp:term":[{"taxonomy":"category","embeddable":true,"href":"https:\/\/www.boyacaleinforma.com\/index.php?rest_route=%2Fwp%2Fv2%2Fcategories&post=42338"},{"taxonomy":"post_tag","embeddable":true,"href":"https:\/\/www.boyacaleinforma.com\/index.php?rest_route=%2Fwp%2Fv2%2Ftags&post=42338"}],"curies":[{"name":"wp","href":"https:\/\/api.w.org\/{rel}","templated":true}]}}