{"id":42342,"date":"2026-02-24T23:10:56","date_gmt":"2026-02-25T04:10:56","guid":{"rendered":"https:\/\/www.boyacaleinforma.com\/?p=42342"},"modified":"2026-02-24T23:10:59","modified_gmt":"2026-02-25T04:10:59","slug":"capacitacion-para-poblacion-con-discapacidad-en-chitaraque","status":"publish","type":"post","link":"https:\/\/www.boyacaleinforma.com\/?p=42342","title":{"rendered":"Capacitaci\u00f3n para poblaci\u00f3n con discapacidad en Chitaraque"},"content":{"rendered":"\n<p>En trabajo articulado con el Plan de Intervenciones Colectivas (PIC) municipal de la ESE Centro de Salud, el proceso de Discapacidad y Salud Local de la Alcald\u00eda Municipal, se lleva a cabo encuentro en el que se le socializa a la poblaci\u00f3n con discapacidad, tips y mensajes claves, que permiten prevenir los virus respiratorios (IRA) y la infecci\u00f3n diarreica Aguda (EDA).<\/p>\n\n\n\n<p>Adicionalmente, se lleva a cabo la socializaci\u00f3n del proceso de la conformaci\u00f3n de la Asociaci\u00f3n de Discapacidad, que se proyecta en Chitaraque, por parte de la Administraci\u00f3n Municipal, as\u00ed mismo, se enfoca hacia la importancia de los cuidadores de discapacidad.<\/p>\n\n\n\n<p>En esta oportunidad se cont\u00f3 con la vinculaci\u00f3n de la Gestora Social, Yuly Saavedra.<\/p>\n","protected":false},"excerpt":{"rendered":"<p>En trabajo articulado con el Plan de Intervenciones Colectivas (PIC) municipal de la ESE Centro de Salud, el<\/p>\n","protected":false},"author":1,"featured_media":42333,"comment_status":"open","ping_status":"open","sticky":false,"template":"","format":"standard","meta":{"om_disable_all_campaigns":false,"_monsterinsights_skip_tracking":false,"_monsterinsights_sitenote_active":false,"_monsterinsights_sitenote_note":"","_monsterinsights_sitenote_category":0,"footnotes":""},"categories":[1],"tags":[],"class_list":["post-42342","post","type-post","status-publish","format-standard","has-post-thumbnail","hentry","category-uncategorized"],"aioseo_notices":[],"_links":{"self":[{"href":"https:\/\/www.boyacaleinforma.com\/index.php?rest_route=\/wp\/v2\/posts\/42342","targetHints":{"allow":["GET"]}}],"collection":[{"href":"https:\/\/www.boyacaleinforma.com\/index.php?rest_route=\/wp\/v2\/posts"}],"about":[{"href":"https:\/\/www.boyacaleinforma.com\/index.php?rest_route=\/wp\/v2\/types\/post"}],"author":[{"embeddable":true,"href":"https:\/\/www.boyacaleinforma.com\/index.php?rest_route=\/wp\/v2\/users\/1"}],"replies":[{"embeddable":true,"href":"https:\/\/www.boyacaleinforma.com\/index.php?rest_route=%2Fwp%2Fv2%2Fcomments&post=42342"}],"version-history":[{"count":0,"href":"https:\/\/www.boyacaleinforma.com\/index.php?rest_route=\/wp\/v2\/posts\/42342\/revisions"}],"wp:featuredmedia":[{"embeddable":true,"href":"https:\/\/www.boyacaleinforma.com\/index.php?rest_route=\/wp\/v2\/media\/42333"}],"wp:attachment":[{"href":"https:\/\/www.boyacaleinforma.com\/index.php?rest_route=%2Fwp%2Fv2%2Fmedia&parent=42342"}],"wp:term":[{"taxonomy":"category","embeddable":true,"href":"https:\/\/www.boyacaleinforma.com\/index.php?rest_route=%2Fwp%2Fv2%2Fcategories&post=42342"},{"taxonomy":"post_tag","embeddable":true,"href":"https:\/\/www.boyacaleinforma.com\/index.php?rest_route=%2Fwp%2Fv2%2Ftags&post=42342"}],"curies":[{"name":"wp","href":"https:\/\/api.w.org\/{rel}","templated":true}]}}