{"id":42344,"date":"2026-02-24T23:12:53","date_gmt":"2026-02-25T04:12:53","guid":{"rendered":"https:\/\/www.boyacaleinforma.com\/?p=42344"},"modified":"2026-02-24T23:18:05","modified_gmt":"2026-02-25T04:18:05","slug":"procuraduria-lanza-alerta-nacional-por-lluvias-y-frentes-frios-exige-acciones-inmediatas","status":"publish","type":"post","link":"https:\/\/www.boyacaleinforma.com\/?p=42344","title":{"rendered":"Procuradur\u00eda lanza alerta nacional por lluvias y frentes fr\u00edos: exige acciones inmediatas"},"content":{"rendered":"\n<p>La Procuradur\u00eda General de la Naci\u00f3n expidi\u00f3 la Directiva 006 de 2026, en la que exhorta a entidades nacionales, departamentales y municipales a implementar de forma inmediata medidas para enfrentar los efectos de la variabilidad clim\u00e1tica. El llamado se produce ante el aumento de las lluvias y la presencia de frentes fr\u00edos que ya han provocado emergencias en distintas regiones del pa\u00eds.<br><br>El jefe del Ministerio P\u00fablico advirti\u00f3 que la omisi\u00f3n o demora injustificada en la adopci\u00f3n de acciones de gesti\u00f3n del riesgo podr\u00eda acarrear responsabilidad disciplinaria para los funcionarios. Asimismo, record\u00f3 que las autoridades tienen la obligaci\u00f3n de proteger derechos fundamentales como el acceso a un ambiente sano, agua potable, vivienda digna y seguridad alimentaria.<br><br>La directiva insta a actualizar los planes de gesti\u00f3n del riesgo y los instrumentos de ordenamiento territorial, fortalecer los sistemas de monitoreo y alertas tempranas, y priorizar la atenci\u00f3n a las poblaciones m\u00e1s vulnerables. Tambi\u00e9n solicita al Gobierno nacional avanzar en la regulaci\u00f3n del desplazamiento forzado interno por causas ambientales, en cumplimiento de lo ordenado por la Corte Constitucional en la Sentencia T-123 de 2024.<br><br>Finalmente, la Procuradur\u00eda anunci\u00f3 que realizar\u00e1 un seguimiento estricto al cumplimiento de estas disposiciones, con el fin de garantizar una respuesta eficaz y coordinada frente al cambio clim\u00e1tico y salvaguardar a las comunidades afectadas.<\/p>\n","protected":false},"excerpt":{"rendered":"<p>La Procuradur\u00eda General de la Naci\u00f3n expidi\u00f3 la Directiva 006 de 2026, en la que exhorta a entidades<\/p>\n","protected":false},"author":1,"featured_media":42345,"comment_status":"open","ping_status":"open","sticky":false,"template":"","format":"standard","meta":{"om_disable_all_campaigns":false,"_monsterinsights_skip_tracking":false,"_monsterinsights_sitenote_active":false,"_monsterinsights_sitenote_note":"","_monsterinsights_sitenote_category":0,"footnotes":""},"categories":[9],"tags":[10],"class_list":["post-42344","post","type-post","status-publish","format-standard","has-post-thumbnail","hentry","category-colombia","tag-noticias"],"aioseo_notices":[],"_links":{"self":[{"href":"https:\/\/www.boyacaleinforma.com\/index.php?rest_route=\/wp\/v2\/posts\/42344","targetHints":{"allow":["GET"]}}],"collection":[{"href":"https:\/\/www.boyacaleinforma.com\/index.php?rest_route=\/wp\/v2\/posts"}],"about":[{"href":"https:\/\/www.boyacaleinforma.com\/index.php?rest_route=\/wp\/v2\/types\/post"}],"author":[{"embeddable":true,"href":"https:\/\/www.boyacaleinforma.com\/index.php?rest_route=\/wp\/v2\/users\/1"}],"replies":[{"embeddable":true,"href":"https:\/\/www.boyacaleinforma.com\/index.php?rest_route=%2Fwp%2Fv2%2Fcomments&post=42344"}],"version-history":[{"count":0,"href":"https:\/\/www.boyacaleinforma.com\/index.php?rest_route=\/wp\/v2\/posts\/42344\/revisions"}],"wp:featuredmedia":[{"embeddable":true,"href":"https:\/\/www.boyacaleinforma.com\/index.php?rest_route=\/wp\/v2\/media\/42345"}],"wp:attachment":[{"href":"https:\/\/www.boyacaleinforma.com\/index.php?rest_route=%2Fwp%2Fv2%2Fmedia&parent=42344"}],"wp:term":[{"taxonomy":"category","embeddable":true,"href":"https:\/\/www.boyacaleinforma.com\/index.php?rest_route=%2Fwp%2Fv2%2Fcategories&post=42344"},{"taxonomy":"post_tag","embeddable":true,"href":"https:\/\/www.boyacaleinforma.com\/index.php?rest_route=%2Fwp%2Fv2%2Ftags&post=42344"}],"curies":[{"name":"wp","href":"https:\/\/api.w.org\/{rel}","templated":true}]}}