{"id":42440,"date":"2026-03-01T23:25:00","date_gmt":"2026-03-02T04:25:00","guid":{"rendered":"https:\/\/www.boyacaleinforma.com\/?p=42440"},"modified":"2026-03-01T23:36:56","modified_gmt":"2026-03-02T04:36:56","slug":"capturado-en-sogamoso-con-droga-y-prendas-militares-policia-refuerza-trabajo-comunitario-en-boyaca","status":"publish","type":"post","link":"https:\/\/www.boyacaleinforma.com\/?p=42440","title":{"rendered":"Capturado en Sogamoso con droga y prendas militares; Polic\u00eda refuerza trabajo comunitario en Boyac\u00e1"},"content":{"rendered":"\n<p>En el barrio Veinte de Julio de Sogamoso, uniformados de la Polic\u00eda Nacional de Colombia capturaron en flagrancia a un ciudadano por los delitos de tr\u00e1fico, fabricaci\u00f3n o porte de estupefacientes y utilizaci\u00f3n ilegal de uniformes e insignias. El procedimiento se realiz\u00f3 en v\u00eda p\u00fablica, durante labores de patrullaje preventivo y control, tras abordar un veh\u00edculo tipo taxi y practicar un registro a persona.<br><br>Seg\u00fan el reporte oficial, al detenido le fue hallado un pantal\u00f3n camuflado con distintivos del Ministerio de Defensa \u2013 Ej\u00e9rcito Nacional y una bolsa con 43,4 gramos de una sustancia con caracter\u00edsticas similares al bazuco. El capturado fue puesto a disposici\u00f3n de la Fiscal\u00eda 23 Seccional URI de Sogamoso, donde deber\u00e1 responder por los hechos que se le imputan.<br><br>En paralelo, la Polic\u00eda Metropolitana de Tunja adelant\u00f3 un conversatorio sobre gesti\u00f3n p\u00fablica territorial con enfoque comunitario para la construcci\u00f3n de paz, fortaleciendo la articulaci\u00f3n con l\u00edderes y ciudadan\u00eda. Adem\u00e1s, gracias a informaci\u00f3n de la comunidad, el grupo de Carabineros rescat\u00f3 un canino en la vereda Trasdel Alto, que fue trasladado a la Fundaci\u00f3n Universitaria Juan de Castellanos para su valoraci\u00f3n. Las autoridades tambi\u00e9n destacaron el trabajo de la Red de Apoyo Eclesi\u00e1stica, orientado a promover la convivencia y la seguridad en el departamento.<\/p>\n","protected":false},"excerpt":{"rendered":"<p>En el barrio Veinte de Julio de Sogamoso, uniformados de la Polic\u00eda Nacional de Colombia capturaron en flagrancia<\/p>\n","protected":false},"author":1,"featured_media":42432,"comment_status":"open","ping_status":"open","sticky":false,"template":"","format":"standard","meta":{"om_disable_all_campaigns":false,"_monsterinsights_skip_tracking":false,"_monsterinsights_sitenote_active":false,"_monsterinsights_sitenote_note":"","_monsterinsights_sitenote_category":0,"footnotes":""},"categories":[8],"tags":[10],"class_list":["post-42440","post","type-post","status-publish","format-standard","has-post-thumbnail","hentry","category-judicial","tag-noticias"],"aioseo_notices":[],"_links":{"self":[{"href":"https:\/\/www.boyacaleinforma.com\/index.php?rest_route=\/wp\/v2\/posts\/42440","targetHints":{"allow":["GET"]}}],"collection":[{"href":"https:\/\/www.boyacaleinforma.com\/index.php?rest_route=\/wp\/v2\/posts"}],"about":[{"href":"https:\/\/www.boyacaleinforma.com\/index.php?rest_route=\/wp\/v2\/types\/post"}],"author":[{"embeddable":true,"href":"https:\/\/www.boyacaleinforma.com\/index.php?rest_route=\/wp\/v2\/users\/1"}],"replies":[{"embeddable":true,"href":"https:\/\/www.boyacaleinforma.com\/index.php?rest_route=%2Fwp%2Fv2%2Fcomments&post=42440"}],"version-history":[{"count":0,"href":"https:\/\/www.boyacaleinforma.com\/index.php?rest_route=\/wp\/v2\/posts\/42440\/revisions"}],"wp:featuredmedia":[{"embeddable":true,"href":"https:\/\/www.boyacaleinforma.com\/index.php?rest_route=\/wp\/v2\/media\/42432"}],"wp:attachment":[{"href":"https:\/\/www.boyacaleinforma.com\/index.php?rest_route=%2Fwp%2Fv2%2Fmedia&parent=42440"}],"wp:term":[{"taxonomy":"category","embeddable":true,"href":"https:\/\/www.boyacaleinforma.com\/index.php?rest_route=%2Fwp%2Fv2%2Fcategories&post=42440"},{"taxonomy":"post_tag","embeddable":true,"href":"https:\/\/www.boyacaleinforma.com\/index.php?rest_route=%2Fwp%2Fv2%2Ftags&post=42440"}],"curies":[{"name":"wp","href":"https:\/\/api.w.org\/{rel}","templated":true}]}}