{"id":42470,"date":"2026-03-02T22:46:09","date_gmt":"2026-03-03T03:46:09","guid":{"rendered":"https:\/\/www.boyacaleinforma.com\/?p=42470"},"modified":"2026-03-02T22:46:09","modified_gmt":"2026-03-03T03:46:09","slug":"la-alcaldia-de-chiquinquira-presente-en-la-gran-jornada-nacional-de-vacunacion","status":"publish","type":"post","link":"https:\/\/www.boyacaleinforma.com\/?p=42470","title":{"rendered":"La Alcald\u00eda de Chiquinquir\u00e1 presente en la Gran Jornada Nacional de Vacunaci\u00f3n"},"content":{"rendered":"\n<p>El acto cont\u00f3 con la participaci\u00f3n del Director Local de Salud, y del arq. Jhon Fredy Pi\u00f1a Camargo, jefe de la Oficina Asesora para la Gesti\u00f3n Estrat\u00e9gica de la Gobernaci\u00f3n de Boyac\u00e1, quienes ofrecieron un saludo de bienvenida y destacaron el trabajo articulado del sector.<\/p>\n\n\n\n<p>Tambi\u00e9n intervinieron Alejandra Viasus, l\u00edder de vacunaci\u00f3n de la ESE Hospital Regional de Chiquinquir\u00e1 l, y Sandra Vargas, promotora del programa de fluorizaci\u00f3n, quienes resaltaron la importancia de la prevenci\u00f3n y la atenci\u00f3n oportuna en salud.<\/p>\n\n\n\n<p>Durante la jornada se present\u00f3 el equipo de vacunaci\u00f3n y se reconoci\u00f3 la participaci\u00f3n de las EPS, IPS, el Hospital Regional, Salud Vital, Colsubsidio, Coosalud, Cajacopi, Nueva EPS y los Equipos B\u00e1sicos de Salud.<\/p>\n","protected":false},"excerpt":{"rendered":"<p>El acto cont\u00f3 con la participaci\u00f3n del Director Local de Salud, y del arq. Jhon Fredy Pi\u00f1a Camargo,<\/p>\n","protected":false},"author":1,"featured_media":42463,"comment_status":"open","ping_status":"open","sticky":false,"template":"","format":"standard","meta":{"om_disable_all_campaigns":false,"_monsterinsights_skip_tracking":false,"_monsterinsights_sitenote_active":false,"_monsterinsights_sitenote_note":"","_monsterinsights_sitenote_category":0,"footnotes":""},"categories":[1],"tags":[],"class_list":["post-42470","post","type-post","status-publish","format-standard","has-post-thumbnail","hentry","category-uncategorized"],"aioseo_notices":[],"_links":{"self":[{"href":"https:\/\/www.boyacaleinforma.com\/index.php?rest_route=\/wp\/v2\/posts\/42470","targetHints":{"allow":["GET"]}}],"collection":[{"href":"https:\/\/www.boyacaleinforma.com\/index.php?rest_route=\/wp\/v2\/posts"}],"about":[{"href":"https:\/\/www.boyacaleinforma.com\/index.php?rest_route=\/wp\/v2\/types\/post"}],"author":[{"embeddable":true,"href":"https:\/\/www.boyacaleinforma.com\/index.php?rest_route=\/wp\/v2\/users\/1"}],"replies":[{"embeddable":true,"href":"https:\/\/www.boyacaleinforma.com\/index.php?rest_route=%2Fwp%2Fv2%2Fcomments&post=42470"}],"version-history":[{"count":0,"href":"https:\/\/www.boyacaleinforma.com\/index.php?rest_route=\/wp\/v2\/posts\/42470\/revisions"}],"wp:featuredmedia":[{"embeddable":true,"href":"https:\/\/www.boyacaleinforma.com\/index.php?rest_route=\/wp\/v2\/media\/42463"}],"wp:attachment":[{"href":"https:\/\/www.boyacaleinforma.com\/index.php?rest_route=%2Fwp%2Fv2%2Fmedia&parent=42470"}],"wp:term":[{"taxonomy":"category","embeddable":true,"href":"https:\/\/www.boyacaleinforma.com\/index.php?rest_route=%2Fwp%2Fv2%2Fcategories&post=42470"},{"taxonomy":"post_tag","embeddable":true,"href":"https:\/\/www.boyacaleinforma.com\/index.php?rest_route=%2Fwp%2Fv2%2Ftags&post=42470"}],"curies":[{"name":"wp","href":"https:\/\/api.w.org\/{rel}","templated":true}]}}