{"id":42502,"date":"2026-03-03T22:58:50","date_gmt":"2026-03-04T03:58:50","guid":{"rendered":"https:\/\/www.boyacaleinforma.com\/?p=42502"},"modified":"2026-03-03T22:58:54","modified_gmt":"2026-03-04T03:58:54","slug":"encuentro-de-mujeres-de-la-vereda-las-mercedes-de-combita","status":"publish","type":"post","link":"https:\/\/www.boyacaleinforma.com\/?p=42502","title":{"rendered":"Encuentro de mujeres de la vereda Las Mercedes de C\u00f3mbita"},"content":{"rendered":"\n<p>La Alcald\u00eda de C\u00f3mbita, bajo el liderazgo del alcalde Juan Carlos Sarmiento (2024\u20132027) y la gestora social Alejandra Pacheco, llev\u00f3 a cabo el Encuentro de Mujeres en la Vereda Las Mercedes, un espacio de di\u00e1logo, reconocimiento y fortalecimiento comunitario.<\/p>\n\n\n\n<p>Este evento, enmarcado en la estrategia #C\u00f3mbitaRenace, reuni\u00f3 a mujeres de la vereda para compartir experiencias, reflexionar sobre sus roles en la transformaci\u00f3n social y celebrar su valioso aporte al desarrollo del municipio. A trav\u00e9s de actividades participativas y momentos de integraci\u00f3n, se reafirm\u00f3 el compromiso de esta administraci\u00f3n con la equidad, el respeto y el empoderamiento femenino.<\/p>\n","protected":false},"excerpt":{"rendered":"<p>La Alcald\u00eda de C\u00f3mbita, bajo el liderazgo del alcalde Juan Carlos Sarmiento (2024\u20132027) y la gestora social Alejandra<\/p>\n","protected":false},"author":1,"featured_media":42500,"comment_status":"open","ping_status":"open","sticky":false,"template":"","format":"standard","meta":{"om_disable_all_campaigns":false,"_monsterinsights_skip_tracking":false,"_monsterinsights_sitenote_active":false,"_monsterinsights_sitenote_note":"","_monsterinsights_sitenote_category":0,"footnotes":""},"categories":[1],"tags":[],"class_list":["post-42502","post","type-post","status-publish","format-standard","has-post-thumbnail","hentry","category-uncategorized"],"aioseo_notices":[],"_links":{"self":[{"href":"https:\/\/www.boyacaleinforma.com\/index.php?rest_route=\/wp\/v2\/posts\/42502","targetHints":{"allow":["GET"]}}],"collection":[{"href":"https:\/\/www.boyacaleinforma.com\/index.php?rest_route=\/wp\/v2\/posts"}],"about":[{"href":"https:\/\/www.boyacaleinforma.com\/index.php?rest_route=\/wp\/v2\/types\/post"}],"author":[{"embeddable":true,"href":"https:\/\/www.boyacaleinforma.com\/index.php?rest_route=\/wp\/v2\/users\/1"}],"replies":[{"embeddable":true,"href":"https:\/\/www.boyacaleinforma.com\/index.php?rest_route=%2Fwp%2Fv2%2Fcomments&post=42502"}],"version-history":[{"count":0,"href":"https:\/\/www.boyacaleinforma.com\/index.php?rest_route=\/wp\/v2\/posts\/42502\/revisions"}],"wp:featuredmedia":[{"embeddable":true,"href":"https:\/\/www.boyacaleinforma.com\/index.php?rest_route=\/wp\/v2\/media\/42500"}],"wp:attachment":[{"href":"https:\/\/www.boyacaleinforma.com\/index.php?rest_route=%2Fwp%2Fv2%2Fmedia&parent=42502"}],"wp:term":[{"taxonomy":"category","embeddable":true,"href":"https:\/\/www.boyacaleinforma.com\/index.php?rest_route=%2Fwp%2Fv2%2Fcategories&post=42502"},{"taxonomy":"post_tag","embeddable":true,"href":"https:\/\/www.boyacaleinforma.com\/index.php?rest_route=%2Fwp%2Fv2%2Ftags&post=42502"}],"curies":[{"name":"wp","href":"https:\/\/api.w.org\/{rel}","templated":true}]}}