{"id":42508,"date":"2026-03-03T23:02:46","date_gmt":"2026-03-04T04:02:46","guid":{"rendered":"https:\/\/www.boyacaleinforma.com\/?p=42508"},"modified":"2026-03-03T23:02:51","modified_gmt":"2026-03-04T04:02:51","slug":"chitaraque-le-cumplio-con-el-menaje-a-los-ninos-y-ninas-de-la-i-e-san-pedro-claver-sede-urbana-mixta","status":"publish","type":"post","link":"https:\/\/www.boyacaleinforma.com\/?p=42508","title":{"rendered":"Chitaraque le cumpli\u00f3 con el menaje a los ni\u00f1os y ni\u00f1as de la I.E. San Pedro Claver-sede urbana mixta"},"content":{"rendered":"\n<p>Le cumplieron con el menaje a los ni\u00f1os y ni\u00f1as de la Instituci\u00f3n Educativa San Pedro Claver-sede urbana mixta.<\/p>\n\n\n\n<p>Desde hoy se da inicio al uso de la infraestructura del restaurante en esta sede educativa, donde asisten diariamente los menores de b\u00e1sica primaria en el municipio de Chitaraque.<\/p>\n\n\n\n<p>El compromiso y la responsabilidad con ni\u00f1os y ni\u00f1as es una de las acciones que tienen como prioridad en esta administraci\u00f3n.<\/p>\n","protected":false},"excerpt":{"rendered":"<p>Le cumplieron con el menaje a los ni\u00f1os y ni\u00f1as de la Instituci\u00f3n Educativa San Pedro Claver-sede urbana<\/p>\n","protected":false},"author":1,"featured_media":42496,"comment_status":"open","ping_status":"open","sticky":false,"template":"","format":"standard","meta":{"om_disable_all_campaigns":false,"_monsterinsights_skip_tracking":false,"_monsterinsights_sitenote_active":false,"_monsterinsights_sitenote_note":"","_monsterinsights_sitenote_category":0,"footnotes":""},"categories":[1],"tags":[],"class_list":["post-42508","post","type-post","status-publish","format-standard","has-post-thumbnail","hentry","category-uncategorized"],"aioseo_notices":[],"_links":{"self":[{"href":"https:\/\/www.boyacaleinforma.com\/index.php?rest_route=\/wp\/v2\/posts\/42508","targetHints":{"allow":["GET"]}}],"collection":[{"href":"https:\/\/www.boyacaleinforma.com\/index.php?rest_route=\/wp\/v2\/posts"}],"about":[{"href":"https:\/\/www.boyacaleinforma.com\/index.php?rest_route=\/wp\/v2\/types\/post"}],"author":[{"embeddable":true,"href":"https:\/\/www.boyacaleinforma.com\/index.php?rest_route=\/wp\/v2\/users\/1"}],"replies":[{"embeddable":true,"href":"https:\/\/www.boyacaleinforma.com\/index.php?rest_route=%2Fwp%2Fv2%2Fcomments&post=42508"}],"version-history":[{"count":0,"href":"https:\/\/www.boyacaleinforma.com\/index.php?rest_route=\/wp\/v2\/posts\/42508\/revisions"}],"wp:featuredmedia":[{"embeddable":true,"href":"https:\/\/www.boyacaleinforma.com\/index.php?rest_route=\/wp\/v2\/media\/42496"}],"wp:attachment":[{"href":"https:\/\/www.boyacaleinforma.com\/index.php?rest_route=%2Fwp%2Fv2%2Fmedia&parent=42508"}],"wp:term":[{"taxonomy":"category","embeddable":true,"href":"https:\/\/www.boyacaleinforma.com\/index.php?rest_route=%2Fwp%2Fv2%2Fcategories&post=42508"},{"taxonomy":"post_tag","embeddable":true,"href":"https:\/\/www.boyacaleinforma.com\/index.php?rest_route=%2Fwp%2Fv2%2Ftags&post=42508"}],"curies":[{"name":"wp","href":"https:\/\/api.w.org\/{rel}","templated":true}]}}