{"id":42513,"date":"2026-03-03T23:05:21","date_gmt":"2026-03-04T04:05:21","guid":{"rendered":"https:\/\/www.boyacaleinforma.com\/?p=42513"},"modified":"2026-03-03T23:12:30","modified_gmt":"2026-03-04T04:12:30","slug":"emergencia-por-lluvias-deja-28-personas-afectadas-en-san-jose-de-pare","status":"publish","type":"post","link":"https:\/\/www.boyacaleinforma.com\/?p=42513","title":{"rendered":"Emergencia por lluvias deja 28 personas afectadas en San Jos\u00e9 de Pare"},"content":{"rendered":"\n<p>Las intensas lluvias registradas en el municipio de San Jos\u00e9 de Pare han generado afectaciones en varias familias y en corredores viales rurales, tras un movimiento en masa ocurrido semanas atr\u00e1s.<br><br>De acuerdo con el alcalde Jos\u00e9 Arist\u00f3bulo Ariza, 28 personas resultaron afectadas y ocho viviendas sufrieron da\u00f1os estructurales. Adem\u00e1s, se reportaron dificultades en distintas v\u00edas veredales.<br><br>Aunque el deslizamiento fue de gran magnitud, cerca del 80 % de las v\u00edas se mantienen transitables, lo que ha permitido la movilizaci\u00f3n de productos agr\u00edcolas hacia municipios vecinos como Moniquir\u00e1, Barbosa y Santana.<br><br>El mandatario hizo un llamado a la comunidad para trabajar de manera conjunta ante la continuidad de las lluvias y apoyar las acciones que permitan atender la emergencia y mitigar nuevos riesgos.<\/p>\n","protected":false},"excerpt":{"rendered":"<p>Las intensas lluvias registradas en el municipio de San Jos\u00e9 de Pare han generado afectaciones en varias familias<\/p>\n","protected":false},"author":1,"featured_media":42514,"comment_status":"open","ping_status":"open","sticky":false,"template":"","format":"standard","meta":{"om_disable_all_campaigns":false,"_monsterinsights_skip_tracking":false,"_monsterinsights_sitenote_active":false,"_monsterinsights_sitenote_note":"","_monsterinsights_sitenote_category":0,"footnotes":""},"categories":[5],"tags":[10],"class_list":["post-42513","post","type-post","status-publish","format-standard","has-post-thumbnail","hentry","category-boyaca","tag-noticias"],"aioseo_notices":[],"_links":{"self":[{"href":"https:\/\/www.boyacaleinforma.com\/index.php?rest_route=\/wp\/v2\/posts\/42513","targetHints":{"allow":["GET"]}}],"collection":[{"href":"https:\/\/www.boyacaleinforma.com\/index.php?rest_route=\/wp\/v2\/posts"}],"about":[{"href":"https:\/\/www.boyacaleinforma.com\/index.php?rest_route=\/wp\/v2\/types\/post"}],"author":[{"embeddable":true,"href":"https:\/\/www.boyacaleinforma.com\/index.php?rest_route=\/wp\/v2\/users\/1"}],"replies":[{"embeddable":true,"href":"https:\/\/www.boyacaleinforma.com\/index.php?rest_route=%2Fwp%2Fv2%2Fcomments&post=42513"}],"version-history":[{"count":0,"href":"https:\/\/www.boyacaleinforma.com\/index.php?rest_route=\/wp\/v2\/posts\/42513\/revisions"}],"wp:featuredmedia":[{"embeddable":true,"href":"https:\/\/www.boyacaleinforma.com\/index.php?rest_route=\/wp\/v2\/media\/42514"}],"wp:attachment":[{"href":"https:\/\/www.boyacaleinforma.com\/index.php?rest_route=%2Fwp%2Fv2%2Fmedia&parent=42513"}],"wp:term":[{"taxonomy":"category","embeddable":true,"href":"https:\/\/www.boyacaleinforma.com\/index.php?rest_route=%2Fwp%2Fv2%2Fcategories&post=42513"},{"taxonomy":"post_tag","embeddable":true,"href":"https:\/\/www.boyacaleinforma.com\/index.php?rest_route=%2Fwp%2Fv2%2Ftags&post=42513"}],"curies":[{"name":"wp","href":"https:\/\/api.w.org\/{rel}","templated":true}]}}