{"id":42520,"date":"2026-03-03T23:07:49","date_gmt":"2026-03-04T04:07:49","guid":{"rendered":"https:\/\/www.boyacaleinforma.com\/?p=42520"},"modified":"2026-03-03T23:11:37","modified_gmt":"2026-03-04T04:11:37","slug":"lista-la-x-copa-boyaca-raza-de-campeones-siete-validas-en-ruta-y-accion-hasta-noviembre","status":"publish","type":"post","link":"https:\/\/www.boyacaleinforma.com\/?p=42520","title":{"rendered":"Lista la X Copa Boyac\u00e1 Raza de Campeones: siete v\u00e1lidas en ruta y acci\u00f3n hasta noviembre"},"content":{"rendered":"\n<p>La Copa Boyac\u00e1 Raza de Campeones defini\u00f3 su calendario 2026 y celebrar\u00e1 su d\u00e9cima edici\u00f3n con competencias en ruta, pista, ciclomonta\u00f1ismo (MTB) y BMX.<br><br>El certamen, apoyado por la Gobernaci\u00f3n de Boyac\u00e1 y Indeportes Boyac\u00e1, tendr\u00e1 siete v\u00e1lidas en ruta, tres en MTB, tres en pista y tres en BMX. Las jornadas inaugurales se disputar\u00e1n el 21 y 22 de marzo y la temporada se extender\u00e1 hasta el 22 de noviembre.<br><br>Desde la organizaci\u00f3n, encabezada por el gobernador Carlos Amaya y el equipo directivo del programa, se extendi\u00f3 la invitaci\u00f3n a deportistas, familias y aficionados para acompa\u00f1ar el proceso formativo que impulsa a las nuevas promesas del ciclismo boyacense.<br><br>El cronograma oficial podr\u00e1 consultarse en la circular emitida por la organizaci\u00f3n.<\/p>\n","protected":false},"excerpt":{"rendered":"<p>La Copa Boyac\u00e1 Raza de Campeones defini\u00f3 su calendario 2026 y celebrar\u00e1 su d\u00e9cima edici\u00f3n con competencias en<\/p>\n","protected":false},"author":1,"featured_media":42515,"comment_status":"open","ping_status":"open","sticky":false,"template":"","format":"standard","meta":{"om_disable_all_campaigns":false,"_monsterinsights_skip_tracking":false,"_monsterinsights_sitenote_active":false,"_monsterinsights_sitenote_note":"","_monsterinsights_sitenote_category":0,"footnotes":""},"categories":[7],"tags":[10],"class_list":["post-42520","post","type-post","status-publish","format-standard","has-post-thumbnail","hentry","category-deportes","tag-noticias"],"aioseo_notices":[],"_links":{"self":[{"href":"https:\/\/www.boyacaleinforma.com\/index.php?rest_route=\/wp\/v2\/posts\/42520","targetHints":{"allow":["GET"]}}],"collection":[{"href":"https:\/\/www.boyacaleinforma.com\/index.php?rest_route=\/wp\/v2\/posts"}],"about":[{"href":"https:\/\/www.boyacaleinforma.com\/index.php?rest_route=\/wp\/v2\/types\/post"}],"author":[{"embeddable":true,"href":"https:\/\/www.boyacaleinforma.com\/index.php?rest_route=\/wp\/v2\/users\/1"}],"replies":[{"embeddable":true,"href":"https:\/\/www.boyacaleinforma.com\/index.php?rest_route=%2Fwp%2Fv2%2Fcomments&post=42520"}],"version-history":[{"count":0,"href":"https:\/\/www.boyacaleinforma.com\/index.php?rest_route=\/wp\/v2\/posts\/42520\/revisions"}],"wp:featuredmedia":[{"embeddable":true,"href":"https:\/\/www.boyacaleinforma.com\/index.php?rest_route=\/wp\/v2\/media\/42515"}],"wp:attachment":[{"href":"https:\/\/www.boyacaleinforma.com\/index.php?rest_route=%2Fwp%2Fv2%2Fmedia&parent=42520"}],"wp:term":[{"taxonomy":"category","embeddable":true,"href":"https:\/\/www.boyacaleinforma.com\/index.php?rest_route=%2Fwp%2Fv2%2Fcategories&post=42520"},{"taxonomy":"post_tag","embeddable":true,"href":"https:\/\/www.boyacaleinforma.com\/index.php?rest_route=%2Fwp%2Fv2%2Ftags&post=42520"}],"curies":[{"name":"wp","href":"https:\/\/api.w.org\/{rel}","templated":true}]}}