{"id":42555,"date":"2026-03-05T02:51:01","date_gmt":"2026-03-05T07:51:01","guid":{"rendered":"https:\/\/www.boyacaleinforma.com\/?p=42555"},"modified":"2026-03-05T02:51:05","modified_gmt":"2026-03-05T07:51:05","slug":"chiquinquira-realizo-la-fiesta-en-el-corregimiento-el-condor","status":"publish","type":"post","link":"https:\/\/www.boyacaleinforma.com\/?p=42555","title":{"rendered":"Chiquinquir\u00e1 realiz\u00f3 la fiesta en el corregimiento el C\u00f3ndor"},"content":{"rendered":"\n<p>Vivieron una jornada inolvidable junto a los campesinos de las veredas Varela, Tener\u00eda, La Mesa, Molino Bajo, Molino Alto, Resguardo y Casa Blanca, quienes llegaron al sector de la Mesa para celebrar la vida, el trabajo y la alegr\u00eda del campo chiquinquire\u00f1o.<\/p>\n\n\n\n<p>Una fiesta llena de concursos tradicionales como coplas, huertas caseras, encostalados, rally en pareja y baile, en homenaje a nuestros verdaderos h\u00e9roes sin capa: \u00a1los hombres y mujeres del campo!<\/p>\n\n\n\n<p>El talento local brill\u00f3 con las presentaciones del Imdecur en el marco de los pre-encuentros del Encuentro Internacional de la Cultura V\u00edctor Ra\u00fal Rojas Pe\u00f1a, trayendo muestras danc\u00edsticas de la Corporaci\u00f3n Danza de los Andes, artistas femeninas, presentaciones circenses, inflables para los m\u00e1s peque\u00f1os y agrupaciones carrangueras del municipio.<\/p>\n\n\n\n<p>La jornada, liderada por la gestora social Yoana Caro y el equipo de gobierno, ofreci\u00f3 un almuerzo lleno de sabor y gratitud, adem\u00e1s de una premiaci\u00f3n especial con herramientas \u00fatiles para el trabajo en el campo, como s\u00edmbolo del respeto y reconocimiento al esfuerzo incansable de los campesinos.<\/p>\n\n\n\n<p>A esta gran celebraci\u00f3n se sumaron tambi\u00e9n los concejales municipales, quienes acompa\u00f1aron con entusiasmo diferentes actividades.<\/p>\n","protected":false},"excerpt":{"rendered":"<p>Vivieron una jornada inolvidable junto a los campesinos de las veredas Varela, Tener\u00eda, La Mesa, Molino Bajo, Molino<\/p>\n","protected":false},"author":1,"featured_media":42547,"comment_status":"open","ping_status":"open","sticky":false,"template":"","format":"standard","meta":{"om_disable_all_campaigns":false,"_monsterinsights_skip_tracking":false,"_monsterinsights_sitenote_active":false,"_monsterinsights_sitenote_note":"","_monsterinsights_sitenote_category":0,"footnotes":""},"categories":[1],"tags":[],"class_list":["post-42555","post","type-post","status-publish","format-standard","has-post-thumbnail","hentry","category-uncategorized"],"aioseo_notices":[],"_links":{"self":[{"href":"https:\/\/www.boyacaleinforma.com\/index.php?rest_route=\/wp\/v2\/posts\/42555","targetHints":{"allow":["GET"]}}],"collection":[{"href":"https:\/\/www.boyacaleinforma.com\/index.php?rest_route=\/wp\/v2\/posts"}],"about":[{"href":"https:\/\/www.boyacaleinforma.com\/index.php?rest_route=\/wp\/v2\/types\/post"}],"author":[{"embeddable":true,"href":"https:\/\/www.boyacaleinforma.com\/index.php?rest_route=\/wp\/v2\/users\/1"}],"replies":[{"embeddable":true,"href":"https:\/\/www.boyacaleinforma.com\/index.php?rest_route=%2Fwp%2Fv2%2Fcomments&post=42555"}],"version-history":[{"count":0,"href":"https:\/\/www.boyacaleinforma.com\/index.php?rest_route=\/wp\/v2\/posts\/42555\/revisions"}],"wp:featuredmedia":[{"embeddable":true,"href":"https:\/\/www.boyacaleinforma.com\/index.php?rest_route=\/wp\/v2\/media\/42547"}],"wp:attachment":[{"href":"https:\/\/www.boyacaleinforma.com\/index.php?rest_route=%2Fwp%2Fv2%2Fmedia&parent=42555"}],"wp:term":[{"taxonomy":"category","embeddable":true,"href":"https:\/\/www.boyacaleinforma.com\/index.php?rest_route=%2Fwp%2Fv2%2Fcategories&post=42555"},{"taxonomy":"post_tag","embeddable":true,"href":"https:\/\/www.boyacaleinforma.com\/index.php?rest_route=%2Fwp%2Fv2%2Ftags&post=42555"}],"curies":[{"name":"wp","href":"https:\/\/api.w.org\/{rel}","templated":true}]}}