{"id":42563,"date":"2026-03-06T07:48:10","date_gmt":"2026-03-06T12:48:10","guid":{"rendered":"https:\/\/www.boyacaleinforma.com\/?p=42563"},"modified":"2026-03-06T07:48:15","modified_gmt":"2026-03-06T12:48:15","slug":"siguen-cumpliendo-con-las-acciones-del-plan-de-gestion-integral-de-residuos-solidos-de-chiquiza","status":"publish","type":"post","link":"https:\/\/www.boyacaleinforma.com\/?p=42563","title":{"rendered":"Siguen cumpliendo con las acciones del Plan de Gesti\u00f3n Integral de Residuos S\u00f3lidos de Ch\u00edquiza"},"content":{"rendered":"\n<p>Desde la Administraci\u00f3n Municipal, liderada por Edwin Augusto Almanza Quintero y gracias al convenio con la Fundaci\u00f3n Bioentorno, siguen cumpliendo con las acciones del Plan de Gesti\u00f3n Integral de Residuos S\u00f3lidos de Ch\u00edquiza y reafirmando el compromiso con el medio ambiente.<\/p>\n\n\n\n<p>Se llev\u00f3 a cabo un taller pr\u00e1ctico para la elaboraci\u00f3n de portaesferas y colores en las escuelas Llano Grande y Corregidor, donde se resalt\u00f3 la importancia de reutilizar y reciclar.<\/p>\n\n\n\n<p>Adem\u00e1s, se hizo entrega de kits escolares a todos los ni\u00f1os asistentes, fortaleciendo as\u00ed el sector educativo y sembrando conciencia ambiental desde las aulas.<\/p>\n","protected":false},"excerpt":{"rendered":"<p>Desde la Administraci\u00f3n Municipal, liderada por Edwin Augusto Almanza Quintero y gracias al convenio con la Fundaci\u00f3n Bioentorno,<\/p>\n","protected":false},"author":1,"featured_media":42566,"comment_status":"open","ping_status":"open","sticky":false,"template":"","format":"standard","meta":{"om_disable_all_campaigns":false,"_monsterinsights_skip_tracking":false,"_monsterinsights_sitenote_active":false,"_monsterinsights_sitenote_note":"","_monsterinsights_sitenote_category":0,"footnotes":""},"categories":[1],"tags":[],"class_list":["post-42563","post","type-post","status-publish","format-standard","has-post-thumbnail","hentry","category-uncategorized"],"aioseo_notices":[],"_links":{"self":[{"href":"https:\/\/www.boyacaleinforma.com\/index.php?rest_route=\/wp\/v2\/posts\/42563","targetHints":{"allow":["GET"]}}],"collection":[{"href":"https:\/\/www.boyacaleinforma.com\/index.php?rest_route=\/wp\/v2\/posts"}],"about":[{"href":"https:\/\/www.boyacaleinforma.com\/index.php?rest_route=\/wp\/v2\/types\/post"}],"author":[{"embeddable":true,"href":"https:\/\/www.boyacaleinforma.com\/index.php?rest_route=\/wp\/v2\/users\/1"}],"replies":[{"embeddable":true,"href":"https:\/\/www.boyacaleinforma.com\/index.php?rest_route=%2Fwp%2Fv2%2Fcomments&post=42563"}],"version-history":[{"count":0,"href":"https:\/\/www.boyacaleinforma.com\/index.php?rest_route=\/wp\/v2\/posts\/42563\/revisions"}],"wp:featuredmedia":[{"embeddable":true,"href":"https:\/\/www.boyacaleinforma.com\/index.php?rest_route=\/wp\/v2\/media\/42566"}],"wp:attachment":[{"href":"https:\/\/www.boyacaleinforma.com\/index.php?rest_route=%2Fwp%2Fv2%2Fmedia&parent=42563"}],"wp:term":[{"taxonomy":"category","embeddable":true,"href":"https:\/\/www.boyacaleinforma.com\/index.php?rest_route=%2Fwp%2Fv2%2Fcategories&post=42563"},{"taxonomy":"post_tag","embeddable":true,"href":"https:\/\/www.boyacaleinforma.com\/index.php?rest_route=%2Fwp%2Fv2%2Ftags&post=42563"}],"curies":[{"name":"wp","href":"https:\/\/api.w.org\/{rel}","templated":true}]}}