{"id":42589,"date":"2026-03-06T07:58:04","date_gmt":"2026-03-06T12:58:04","guid":{"rendered":"https:\/\/www.boyacaleinforma.com\/?p=42589"},"modified":"2026-03-06T08:03:48","modified_gmt":"2026-03-06T13:03:48","slug":"tribunal-de-boyaca-anulo-parcialmente-acuerdo-salarial-del-municipio-de-paya-para-2025","status":"publish","type":"post","link":"https:\/\/www.boyacaleinforma.com\/?p=42589","title":{"rendered":"Tribunal de Boyac\u00e1 anul\u00f3 parcialmente acuerdo salarial del municipio de Paya para 2025"},"content":{"rendered":"\n<p>El Tribunal Administrativo de Boyac\u00e1 declar\u00f3 la invalidez total de uno de los art\u00edculos y parcial de otro del Acuerdo 008 del 31 de agosto de 2025, expedido por el Concejo de Paya, mediante el cual se fijaba el incremento salarial de los empleados p\u00fablicos del municipio para la vigencia fiscal 2025.<br><br>La decisi\u00f3n se tom\u00f3 luego de analizar una demanda presentada por el Departamento de Boyac\u00e1, en la que se cuestionaba la legalidad del acuerdo. Seg\u00fan el tribunal, el Concejo Municipal se extralimit\u00f3 en sus funciones al fijar un aumento salarial del 7 %, una competencia que corresponde exclusivamente al Gobierno Nacional de acuerdo con la Ley 4 de 1992.<br><br>La corporaci\u00f3n judicial tambi\u00e9n evidenci\u00f3 que en el art\u00edculo segundo del acuerdo se estableci\u00f3 una asignaci\u00f3n b\u00e1sica mensual para el grado 1 del nivel asistencial por $1.358.888,87, cifra inferior al salario m\u00ednimo legal mensual vigente fijado por el Gobierno para 2025, lo que contraviene la normativa vigente.<br><br>Por estas razones, el tribunal determin\u00f3 declarar la invalidez total del art\u00edculo primero y parcial del art\u00edculo segundo del acuerdo, al considerar que el Concejo no solo invadi\u00f3 competencias del Gobierno Nacional, sino que adem\u00e1s fij\u00f3 una remuneraci\u00f3n inferior al salario m\u00ednimo legal.<\/p>\n","protected":false},"excerpt":{"rendered":"<p>El Tribunal Administrativo de Boyac\u00e1 declar\u00f3 la invalidez total de uno de los art\u00edculos y parcial de otro<\/p>\n","protected":false},"author":1,"featured_media":42582,"comment_status":"open","ping_status":"open","sticky":false,"template":"","format":"standard","meta":{"om_disable_all_campaigns":false,"_monsterinsights_skip_tracking":false,"_monsterinsights_sitenote_active":false,"_monsterinsights_sitenote_note":"","_monsterinsights_sitenote_category":0,"footnotes":""},"categories":[8],"tags":[10],"class_list":["post-42589","post","type-post","status-publish","format-standard","has-post-thumbnail","hentry","category-judicial","tag-noticias"],"aioseo_notices":[],"_links":{"self":[{"href":"https:\/\/www.boyacaleinforma.com\/index.php?rest_route=\/wp\/v2\/posts\/42589","targetHints":{"allow":["GET"]}}],"collection":[{"href":"https:\/\/www.boyacaleinforma.com\/index.php?rest_route=\/wp\/v2\/posts"}],"about":[{"href":"https:\/\/www.boyacaleinforma.com\/index.php?rest_route=\/wp\/v2\/types\/post"}],"author":[{"embeddable":true,"href":"https:\/\/www.boyacaleinforma.com\/index.php?rest_route=\/wp\/v2\/users\/1"}],"replies":[{"embeddable":true,"href":"https:\/\/www.boyacaleinforma.com\/index.php?rest_route=%2Fwp%2Fv2%2Fcomments&post=42589"}],"version-history":[{"count":0,"href":"https:\/\/www.boyacaleinforma.com\/index.php?rest_route=\/wp\/v2\/posts\/42589\/revisions"}],"wp:featuredmedia":[{"embeddable":true,"href":"https:\/\/www.boyacaleinforma.com\/index.php?rest_route=\/wp\/v2\/media\/42582"}],"wp:attachment":[{"href":"https:\/\/www.boyacaleinforma.com\/index.php?rest_route=%2Fwp%2Fv2%2Fmedia&parent=42589"}],"wp:term":[{"taxonomy":"category","embeddable":true,"href":"https:\/\/www.boyacaleinforma.com\/index.php?rest_route=%2Fwp%2Fv2%2Fcategories&post=42589"},{"taxonomy":"post_tag","embeddable":true,"href":"https:\/\/www.boyacaleinforma.com\/index.php?rest_route=%2Fwp%2Fv2%2Ftags&post=42589"}],"curies":[{"name":"wp","href":"https:\/\/api.w.org\/{rel}","templated":true}]}}