{"id":42595,"date":"2026-03-06T08:02:21","date_gmt":"2026-03-06T13:02:21","guid":{"rendered":"https:\/\/www.boyacaleinforma.com\/?p=42595"},"modified":"2026-03-06T08:03:10","modified_gmt":"2026-03-06T13:03:10","slug":"tribunal-nego-demanda-contra-decreto-que-adopto-el-plan-de-seguridad-y-convivencia-en-tunja","status":"publish","type":"post","link":"https:\/\/www.boyacaleinforma.com\/?p=42595","title":{"rendered":"Tribunal neg\u00f3 demanda contra decreto que adopt\u00f3 el Plan de Seguridad y Convivencia en Tunja"},"content":{"rendered":"\n<p>El Tribunal Administrativo de Boyac\u00e1 neg\u00f3 la demanda de nulidad presentada contra el Decreto 200 del 30 de junio de 2020, mediante el cual la Alcald\u00eda de Tunja adopt\u00f3 e implement\u00f3 el Plan Integral de Seguridad y Convivencia Ciudadana (PISCC) denominado \u201cLa Seguridad y Convivencia Nos Une\u201d.<br><br>La corporaci\u00f3n judicial concluy\u00f3 que el decreto no implic\u00f3 una extralimitaci\u00f3n de funciones por parte del alcalde, ya que se trata de un instrumento de planeaci\u00f3n orientado a definir la pol\u00edtica p\u00fablica en materia de seguridad y convivencia. Seg\u00fan el tribunal, el documento \u00fanicamente menciona posibles fuentes de financiaci\u00f3n del plan, sin crear tributos ni modificar normas vigentes o competencias del Concejo Municipal.<br><br>Asimismo, la sala determin\u00f3 que el decreto no altera ni modifica el funcionamiento del Fondo Territorial de Seguridad y Convivencia Ciudadana, creado mediante el Acuerdo Municipal 030 de 2012. En ese sentido, aclar\u00f3 que el plan se limita a orientar las acciones del gobierno local frente a los problemas de seguridad en la ciudad.<br><br>El tribunal tambi\u00e9n precis\u00f3 que la decisi\u00f3n judicial de 2021 que declar\u00f3 inv\u00e1lido el Acuerdo 017 de 2020 por razones presupuestales no afecta la legalidad del decreto demandado, ya que se trat\u00f3 de actos distintos y evaluados en momentos diferentes. Por ello, concluy\u00f3 que el Decreto 200 de 2020 se ajusta al ordenamiento jur\u00eddico y debe mantenerse vigente.<\/p>\n","protected":false},"excerpt":{"rendered":"<p>El Tribunal Administrativo de Boyac\u00e1 neg\u00f3 la demanda de nulidad presentada contra el Decreto 200 del 30 de<\/p>\n","protected":false},"author":1,"featured_media":42583,"comment_status":"open","ping_status":"open","sticky":false,"template":"","format":"standard","meta":{"om_disable_all_campaigns":false,"_monsterinsights_skip_tracking":false,"_monsterinsights_sitenote_active":false,"_monsterinsights_sitenote_note":"","_monsterinsights_sitenote_category":0,"footnotes":""},"categories":[8],"tags":[10],"class_list":["post-42595","post","type-post","status-publish","format-standard","has-post-thumbnail","hentry","category-judicial","tag-noticias"],"aioseo_notices":[],"_links":{"self":[{"href":"https:\/\/www.boyacaleinforma.com\/index.php?rest_route=\/wp\/v2\/posts\/42595","targetHints":{"allow":["GET"]}}],"collection":[{"href":"https:\/\/www.boyacaleinforma.com\/index.php?rest_route=\/wp\/v2\/posts"}],"about":[{"href":"https:\/\/www.boyacaleinforma.com\/index.php?rest_route=\/wp\/v2\/types\/post"}],"author":[{"embeddable":true,"href":"https:\/\/www.boyacaleinforma.com\/index.php?rest_route=\/wp\/v2\/users\/1"}],"replies":[{"embeddable":true,"href":"https:\/\/www.boyacaleinforma.com\/index.php?rest_route=%2Fwp%2Fv2%2Fcomments&post=42595"}],"version-history":[{"count":0,"href":"https:\/\/www.boyacaleinforma.com\/index.php?rest_route=\/wp\/v2\/posts\/42595\/revisions"}],"wp:featuredmedia":[{"embeddable":true,"href":"https:\/\/www.boyacaleinforma.com\/index.php?rest_route=\/wp\/v2\/media\/42583"}],"wp:attachment":[{"href":"https:\/\/www.boyacaleinforma.com\/index.php?rest_route=%2Fwp%2Fv2%2Fmedia&parent=42595"}],"wp:term":[{"taxonomy":"category","embeddable":true,"href":"https:\/\/www.boyacaleinforma.com\/index.php?rest_route=%2Fwp%2Fv2%2Fcategories&post=42595"},{"taxonomy":"post_tag","embeddable":true,"href":"https:\/\/www.boyacaleinforma.com\/index.php?rest_route=%2Fwp%2Fv2%2Ftags&post=42595"}],"curies":[{"name":"wp","href":"https:\/\/api.w.org\/{rel}","templated":true}]}}