{"id":42607,"date":"2026-03-08T22:25:12","date_gmt":"2026-03-09T03:25:12","guid":{"rendered":"https:\/\/www.boyacaleinforma.com\/?p=42607"},"modified":"2026-03-08T22:47:11","modified_gmt":"2026-03-09T03:47:11","slug":"partido-verde-se-impone-en-boyaca-tras-elecciones-al-congreso","status":"publish","type":"post","link":"https:\/\/www.boyacaleinforma.com\/?p=42607","title":{"rendered":"Partido Verde se impone en Boyac\u00e1 tras elecciones al Congreso"},"content":{"rendered":"\n<p>Las elecciones al Congreso en Boyac\u00e1 dejaron como principal fuerza pol\u00edtica al Partido Verde, colectividad del actual gobierno departamental, que logr\u00f3 una importante representaci\u00f3n tanto en C\u00e1mara como en Senado.<br><br>Para la C\u00e1mara de Representantes resultaron elegidos Yamit Hurtado y Jaime Salamanca por el Partido Verde, Jos\u00e9 Boh\u00f3rquez por el Pacto Hist\u00f3rico, Eduard Triana por el Centro Democr\u00e1tico, Ingrid Sogamoso por el Partido Conservador (Salvaci\u00f3n Nacional) y H\u00e9ctor Chaparro por el Partido Liberal.<br><br>En el Senado, los electos por Boyac\u00e1 fueron A\u00edda Avella y Walter Rodr\u00edguez por el Pacto Hist\u00f3rico, John Amaya por el Partido Verde, Zandra Bernal por el Centro Democr\u00e1tico y Miguel Barreto por el Partido Conservador.<br><br>El balance pol\u00edtico deja al Partido Verde como la mayor fuerza electoral en el departamento, mientras que el Partido Liberal aparece como el gran perdedor de la jornada, al pasar del segundo lugar en votaci\u00f3n hace cuatro a\u00f1os al quinto puesto en estos comicios.<\/p>\n","protected":false},"excerpt":{"rendered":"<p>Las elecciones al Congreso en Boyac\u00e1 dejaron como principal fuerza pol\u00edtica al Partido Verde, colectividad del actual gobierno<\/p>\n","protected":false},"author":1,"featured_media":42599,"comment_status":"open","ping_status":"open","sticky":false,"template":"","format":"standard","meta":{"om_disable_all_campaigns":false,"_monsterinsights_skip_tracking":false,"_monsterinsights_sitenote_active":false,"_monsterinsights_sitenote_note":"","_monsterinsights_sitenote_category":0,"footnotes":""},"categories":[5],"tags":[10],"class_list":["post-42607","post","type-post","status-publish","format-standard","has-post-thumbnail","hentry","category-boyaca","tag-noticias"],"aioseo_notices":[],"_links":{"self":[{"href":"https:\/\/www.boyacaleinforma.com\/index.php?rest_route=\/wp\/v2\/posts\/42607","targetHints":{"allow":["GET"]}}],"collection":[{"href":"https:\/\/www.boyacaleinforma.com\/index.php?rest_route=\/wp\/v2\/posts"}],"about":[{"href":"https:\/\/www.boyacaleinforma.com\/index.php?rest_route=\/wp\/v2\/types\/post"}],"author":[{"embeddable":true,"href":"https:\/\/www.boyacaleinforma.com\/index.php?rest_route=\/wp\/v2\/users\/1"}],"replies":[{"embeddable":true,"href":"https:\/\/www.boyacaleinforma.com\/index.php?rest_route=%2Fwp%2Fv2%2Fcomments&post=42607"}],"version-history":[{"count":0,"href":"https:\/\/www.boyacaleinforma.com\/index.php?rest_route=\/wp\/v2\/posts\/42607\/revisions"}],"wp:featuredmedia":[{"embeddable":true,"href":"https:\/\/www.boyacaleinforma.com\/index.php?rest_route=\/wp\/v2\/media\/42599"}],"wp:attachment":[{"href":"https:\/\/www.boyacaleinforma.com\/index.php?rest_route=%2Fwp%2Fv2%2Fmedia&parent=42607"}],"wp:term":[{"taxonomy":"category","embeddable":true,"href":"https:\/\/www.boyacaleinforma.com\/index.php?rest_route=%2Fwp%2Fv2%2Fcategories&post=42607"},{"taxonomy":"post_tag","embeddable":true,"href":"https:\/\/www.boyacaleinforma.com\/index.php?rest_route=%2Fwp%2Fv2%2Ftags&post=42607"}],"curies":[{"name":"wp","href":"https:\/\/api.w.org\/{rel}","templated":true}]}}