{"id":42611,"date":"2026-03-08T22:27:43","date_gmt":"2026-03-09T03:27:43","guid":{"rendered":"https:\/\/www.boyacaleinforma.com\/?p=42611"},"modified":"2026-03-08T22:45:56","modified_gmt":"2026-03-09T03:45:56","slug":"angel-barajas-conquista-el-oro-en-la-copa-del-mundo-de-gimnasia-de-baku","status":"publish","type":"post","link":"https:\/\/www.boyacaleinforma.com\/?p=42611","title":{"rendered":"\u00c1ngel Barajas conquista el oro en la Copa del Mundo de Gimnasia de Bak\u00fa"},"content":{"rendered":"\n<p>El gimnasta colombiano \u00c1ngel Gabriel Barajas Vivas se coron\u00f3 campe\u00f3n en la prueba de barras paralelas durante la Copa del Mundo de Gimnasia Art\u00edstica de Bak\u00fa 2026, tras obtener una calificaci\u00f3n de 14.600 puntos.<br><br>En la competencia, el segundo lugar fue para el japon\u00e9s Wataru Tanigawa con 14.200 puntos, mientras que el australiano Jesse Moore complet\u00f3 el podio con 14.000 unidades.<br><br>Con este resultado, Barajas suma ocho medallas en el circuito internacional de Copas del Mundo, consolid\u00e1ndose como una de las principales figuras de la gimnasia colombiana.<br><br>El colombiano tambi\u00e9n disputar\u00e1 este domingo la final de barra fija, luego de avanzar a esta instancia con la segunda mejor calificaci\u00f3n de la fase clasificatoria (14.633).<\/p>\n","protected":false},"excerpt":{"rendered":"<p>El gimnasta colombiano \u00c1ngel Gabriel Barajas Vivas se coron\u00f3 campe\u00f3n en la prueba de barras paralelas durante la<\/p>\n","protected":false},"author":1,"featured_media":42600,"comment_status":"open","ping_status":"open","sticky":false,"template":"","format":"standard","meta":{"om_disable_all_campaigns":false,"_monsterinsights_skip_tracking":false,"_monsterinsights_sitenote_active":false,"_monsterinsights_sitenote_note":"","_monsterinsights_sitenote_category":0,"footnotes":""},"categories":[7],"tags":[10],"class_list":["post-42611","post","type-post","status-publish","format-standard","has-post-thumbnail","hentry","category-deportes","tag-noticias"],"aioseo_notices":[],"_links":{"self":[{"href":"https:\/\/www.boyacaleinforma.com\/index.php?rest_route=\/wp\/v2\/posts\/42611","targetHints":{"allow":["GET"]}}],"collection":[{"href":"https:\/\/www.boyacaleinforma.com\/index.php?rest_route=\/wp\/v2\/posts"}],"about":[{"href":"https:\/\/www.boyacaleinforma.com\/index.php?rest_route=\/wp\/v2\/types\/post"}],"author":[{"embeddable":true,"href":"https:\/\/www.boyacaleinforma.com\/index.php?rest_route=\/wp\/v2\/users\/1"}],"replies":[{"embeddable":true,"href":"https:\/\/www.boyacaleinforma.com\/index.php?rest_route=%2Fwp%2Fv2%2Fcomments&post=42611"}],"version-history":[{"count":0,"href":"https:\/\/www.boyacaleinforma.com\/index.php?rest_route=\/wp\/v2\/posts\/42611\/revisions"}],"wp:featuredmedia":[{"embeddable":true,"href":"https:\/\/www.boyacaleinforma.com\/index.php?rest_route=\/wp\/v2\/media\/42600"}],"wp:attachment":[{"href":"https:\/\/www.boyacaleinforma.com\/index.php?rest_route=%2Fwp%2Fv2%2Fmedia&parent=42611"}],"wp:term":[{"taxonomy":"category","embeddable":true,"href":"https:\/\/www.boyacaleinforma.com\/index.php?rest_route=%2Fwp%2Fv2%2Fcategories&post=42611"},{"taxonomy":"post_tag","embeddable":true,"href":"https:\/\/www.boyacaleinforma.com\/index.php?rest_route=%2Fwp%2Fv2%2Ftags&post=42611"}],"curies":[{"name":"wp","href":"https:\/\/api.w.org\/{rel}","templated":true}]}}