{"id":42621,"date":"2026-03-08T22:35:31","date_gmt":"2026-03-09T03:35:31","guid":{"rendered":"https:\/\/www.boyacaleinforma.com\/?p=42621"},"modified":"2026-03-08T22:35:35","modified_gmt":"2026-03-09T03:35:35","slug":"chitaraque-recibio-al-ministerio-de-educacion-y-a-la-gobernacion-de-boyaca","status":"publish","type":"post","link":"https:\/\/www.boyacaleinforma.com\/?p=42621","title":{"rendered":"Chitaraque recibi\u00f3 al Ministerio de Educaci\u00f3n y a la Gobernaci\u00f3n de Boyac\u00e1"},"content":{"rendered":"\n<p>Recibieron al Ministro de Educaci\u00f3n, Jos\u00e9 Daniel Rojas Medell\u00edn y al Gobernador de Boyac\u00e1, Carlos Andr\u00e9s Amaya, quienes hacen entrega formal de la Instituci\u00f3n Educativa San Pedro Claver-sede urbana mixta, una infraestructura adecuada para los ni\u00f1os y ni\u00f1as de primaria del municipio de Chitaraque.<\/p>\n\n\n\n<p>Esta instituci\u00f3n educativa se hizo realidad, gracias a una inversi\u00f3n total de $8.730 millones de pesos, destinaci\u00f3n que mejora la calidad de vida de los menores que diariamente recurren a este plantel educativo.<\/p>\n\n\n\n<p>Desde la Alcald\u00eda de Chitaraque, agradecen el trabajo en equipo y pensado para el beneficio de la comunidad estudiantil.<\/p>\n\n\n\n<p>Adicional a esto por parte de la Gobernaci\u00f3n, en trabajo articulado entre Alcald\u00eda Municipal y la Asojuntas se realiz\u00f3 entrega de la v\u00eda que conecta hacia Villa Leticia.<\/p>\n","protected":false},"excerpt":{"rendered":"<p>Recibieron al Ministro de Educaci\u00f3n, Jos\u00e9 Daniel Rojas Medell\u00edn y al Gobernador de Boyac\u00e1, Carlos Andr\u00e9s Amaya, quienes<\/p>\n","protected":false},"author":1,"featured_media":42616,"comment_status":"open","ping_status":"open","sticky":false,"template":"","format":"standard","meta":{"om_disable_all_campaigns":false,"_monsterinsights_skip_tracking":false,"_monsterinsights_sitenote_active":false,"_monsterinsights_sitenote_note":"","_monsterinsights_sitenote_category":0,"footnotes":""},"categories":[1],"tags":[],"class_list":["post-42621","post","type-post","status-publish","format-standard","has-post-thumbnail","hentry","category-uncategorized"],"aioseo_notices":[],"_links":{"self":[{"href":"https:\/\/www.boyacaleinforma.com\/index.php?rest_route=\/wp\/v2\/posts\/42621","targetHints":{"allow":["GET"]}}],"collection":[{"href":"https:\/\/www.boyacaleinforma.com\/index.php?rest_route=\/wp\/v2\/posts"}],"about":[{"href":"https:\/\/www.boyacaleinforma.com\/index.php?rest_route=\/wp\/v2\/types\/post"}],"author":[{"embeddable":true,"href":"https:\/\/www.boyacaleinforma.com\/index.php?rest_route=\/wp\/v2\/users\/1"}],"replies":[{"embeddable":true,"href":"https:\/\/www.boyacaleinforma.com\/index.php?rest_route=%2Fwp%2Fv2%2Fcomments&post=42621"}],"version-history":[{"count":0,"href":"https:\/\/www.boyacaleinforma.com\/index.php?rest_route=\/wp\/v2\/posts\/42621\/revisions"}],"wp:featuredmedia":[{"embeddable":true,"href":"https:\/\/www.boyacaleinforma.com\/index.php?rest_route=\/wp\/v2\/media\/42616"}],"wp:attachment":[{"href":"https:\/\/www.boyacaleinforma.com\/index.php?rest_route=%2Fwp%2Fv2%2Fmedia&parent=42621"}],"wp:term":[{"taxonomy":"category","embeddable":true,"href":"https:\/\/www.boyacaleinforma.com\/index.php?rest_route=%2Fwp%2Fv2%2Fcategories&post=42621"},{"taxonomy":"post_tag","embeddable":true,"href":"https:\/\/www.boyacaleinforma.com\/index.php?rest_route=%2Fwp%2Fv2%2Ftags&post=42621"}],"curies":[{"name":"wp","href":"https:\/\/api.w.org\/{rel}","templated":true}]}}