{"id":42629,"date":"2026-03-08T22:44:08","date_gmt":"2026-03-09T03:44:08","guid":{"rendered":"https:\/\/www.boyacaleinforma.com\/?p=42629"},"modified":"2026-03-08T22:44:12","modified_gmt":"2026-03-09T03:44:12","slug":"jornada-de-reforestacion-vereda-rio-abajo-en-chiquiza","status":"publish","type":"post","link":"https:\/\/www.boyacaleinforma.com\/?p=42629","title":{"rendered":"Jornada de reforestaci\u00f3n vereda R\u00edo Abajo en Ch\u00edquiza"},"content":{"rendered":"\n<p>Comprometidos con la conservaci\u00f3n y restauraci\u00f3n de las zonas ecol\u00f3gicas, hoy llevaron a cabo una importante jornada de reforestaci\u00f3n en el predio El Milagro, ubicado en la vereda R\u00edo Abajo.<\/p>\n\n\n\n<p>Esta actividad cont\u00f3 con la participaci\u00f3n activa de la Administraci\u00f3n Municipal, la Unidad de Servicios P\u00fablicos, Parques Nacionales Naturales de Colombia y el Concejo Municipal de Ch\u00edquiza, trabajando juntos #PorunCAMBIOVERDADERO en favor del entorno natural.<\/p>\n","protected":false},"excerpt":{"rendered":"<p>Comprometidos con la conservaci\u00f3n y restauraci\u00f3n de las zonas ecol\u00f3gicas, hoy llevaron a cabo una importante jornada de<\/p>\n","protected":false},"author":1,"featured_media":42615,"comment_status":"open","ping_status":"open","sticky":false,"template":"","format":"standard","meta":{"om_disable_all_campaigns":false,"_monsterinsights_skip_tracking":false,"_monsterinsights_sitenote_active":false,"_monsterinsights_sitenote_note":"","_monsterinsights_sitenote_category":0,"footnotes":""},"categories":[1],"tags":[],"class_list":["post-42629","post","type-post","status-publish","format-standard","has-post-thumbnail","hentry","category-uncategorized"],"aioseo_notices":[],"_links":{"self":[{"href":"https:\/\/www.boyacaleinforma.com\/index.php?rest_route=\/wp\/v2\/posts\/42629","targetHints":{"allow":["GET"]}}],"collection":[{"href":"https:\/\/www.boyacaleinforma.com\/index.php?rest_route=\/wp\/v2\/posts"}],"about":[{"href":"https:\/\/www.boyacaleinforma.com\/index.php?rest_route=\/wp\/v2\/types\/post"}],"author":[{"embeddable":true,"href":"https:\/\/www.boyacaleinforma.com\/index.php?rest_route=\/wp\/v2\/users\/1"}],"replies":[{"embeddable":true,"href":"https:\/\/www.boyacaleinforma.com\/index.php?rest_route=%2Fwp%2Fv2%2Fcomments&post=42629"}],"version-history":[{"count":0,"href":"https:\/\/www.boyacaleinforma.com\/index.php?rest_route=\/wp\/v2\/posts\/42629\/revisions"}],"wp:featuredmedia":[{"embeddable":true,"href":"https:\/\/www.boyacaleinforma.com\/index.php?rest_route=\/wp\/v2\/media\/42615"}],"wp:attachment":[{"href":"https:\/\/www.boyacaleinforma.com\/index.php?rest_route=%2Fwp%2Fv2%2Fmedia&parent=42629"}],"wp:term":[{"taxonomy":"category","embeddable":true,"href":"https:\/\/www.boyacaleinforma.com\/index.php?rest_route=%2Fwp%2Fv2%2Fcategories&post=42629"},{"taxonomy":"post_tag","embeddable":true,"href":"https:\/\/www.boyacaleinforma.com\/index.php?rest_route=%2Fwp%2Fv2%2Ftags&post=42629"}],"curies":[{"name":"wp","href":"https:\/\/api.w.org\/{rel}","templated":true}]}}