{"id":42632,"date":"2026-03-09T21:48:47","date_gmt":"2026-03-10T02:48:47","guid":{"rendered":"https:\/\/www.boyacaleinforma.com\/?p=42632"},"modified":"2026-03-09T21:48:53","modified_gmt":"2026-03-10T02:48:53","slug":"desarrollo-de-mesa-de-trabajo-sobre-soluciones-ambientales-para-chiquinquira","status":"publish","type":"post","link":"https:\/\/www.boyacaleinforma.com\/?p=42632","title":{"rendered":"Desarrollo de mesa de trabajo sobre soluciones ambientales para Chiquinquir\u00e1"},"content":{"rendered":"\n<p>La Corporaci\u00f3n Aut\u00f3noma Regional de Cundinamarca &#8211; CAR en articulaci\u00f3n con la Alcald\u00eda de Chiquinquir\u00e1, desarroll\u00f3 una mesa de trabajo como ejercicio de di\u00e1logo y an\u00e1lisis t\u00e9cnico, con el prop\u00f3sito de proyectar soluciones viables y sostenibles frente a dos temas fundamentales para el municipio: el relleno sanitario y el PBOT (Plan B\u00e1sico de Ordenamiento Territorial).<\/p>\n\n\n\n<p>Esta jornada cont\u00f3 con la participaci\u00f3n del Consorcio Soluciones Ambientales para Chiquinquir\u00e1, Empochiquinquir\u00e1, la Secretar\u00eda de Planeaci\u00f3n, la Secretar\u00eda de Infraestructura, la Direcci\u00f3n de Medio Ambiente y la Direcci\u00f3n de Desarrollo Urban\u00edstico, con el objetivo de establecer un cronograma de atenci\u00f3n t\u00e9cnica que permita avanzar en un ejercicio riguroso de an\u00e1lisis, concertaci\u00f3n y planificaci\u00f3n.<\/p>\n\n\n\n<p>Entre los temas discutidos, se propusieron alternativas para enfrentar la situaci\u00f3n del relleno, como la implementaci\u00f3n de una estaci\u00f3n de transferencia con equipamiento alterno, adem\u00e1s del avance en la adquisici\u00f3n de predios, sujeta a concertaci\u00f3n institucional.<\/p>\n\n\n\n<p>Uno de los principales prop\u00f3sitos de esta mesa fue establecer un cronograma de trabajo que permita avanzar en la implementaci\u00f3n de estas soluciones, garantizando una gesti\u00f3n eficiente de los residuos s\u00f3lidos, que priorice el bienestar de la comunidad y la protecci\u00f3n del medio ambiente.<\/p>\n","protected":false},"excerpt":{"rendered":"<p>La Corporaci\u00f3n Aut\u00f3noma Regional de Cundinamarca &#8211; CAR en articulaci\u00f3n con la Alcald\u00eda de Chiquinquir\u00e1, desarroll\u00f3 una mesa<\/p>\n","protected":false},"author":1,"featured_media":42633,"comment_status":"open","ping_status":"open","sticky":false,"template":"","format":"standard","meta":{"om_disable_all_campaigns":false,"_monsterinsights_skip_tracking":false,"_monsterinsights_sitenote_active":false,"_monsterinsights_sitenote_note":"","_monsterinsights_sitenote_category":0,"footnotes":""},"categories":[1],"tags":[],"class_list":["post-42632","post","type-post","status-publish","format-standard","has-post-thumbnail","hentry","category-uncategorized"],"aioseo_notices":[],"_links":{"self":[{"href":"https:\/\/www.boyacaleinforma.com\/index.php?rest_route=\/wp\/v2\/posts\/42632","targetHints":{"allow":["GET"]}}],"collection":[{"href":"https:\/\/www.boyacaleinforma.com\/index.php?rest_route=\/wp\/v2\/posts"}],"about":[{"href":"https:\/\/www.boyacaleinforma.com\/index.php?rest_route=\/wp\/v2\/types\/post"}],"author":[{"embeddable":true,"href":"https:\/\/www.boyacaleinforma.com\/index.php?rest_route=\/wp\/v2\/users\/1"}],"replies":[{"embeddable":true,"href":"https:\/\/www.boyacaleinforma.com\/index.php?rest_route=%2Fwp%2Fv2%2Fcomments&post=42632"}],"version-history":[{"count":0,"href":"https:\/\/www.boyacaleinforma.com\/index.php?rest_route=\/wp\/v2\/posts\/42632\/revisions"}],"wp:featuredmedia":[{"embeddable":true,"href":"https:\/\/www.boyacaleinforma.com\/index.php?rest_route=\/wp\/v2\/media\/42633"}],"wp:attachment":[{"href":"https:\/\/www.boyacaleinforma.com\/index.php?rest_route=%2Fwp%2Fv2%2Fmedia&parent=42632"}],"wp:term":[{"taxonomy":"category","embeddable":true,"href":"https:\/\/www.boyacaleinforma.com\/index.php?rest_route=%2Fwp%2Fv2%2Fcategories&post=42632"},{"taxonomy":"post_tag","embeddable":true,"href":"https:\/\/www.boyacaleinforma.com\/index.php?rest_route=%2Fwp%2Fv2%2Ftags&post=42632"}],"curies":[{"name":"wp","href":"https:\/\/api.w.org\/{rel}","templated":true}]}}